{"id":11139,"date":"2023-06-26T10:39:51","date_gmt":"2023-06-26T10:39:51","guid":{"rendered":"https:\/\/www.fundatiagusa.ro\/programe-activitati-2019\/"},"modified":"2026-04-27T07:10:42","modified_gmt":"2026-04-27T07:10:42","slug":"programe-activitati-2019","status":"publish","type":"post","link":"https:\/\/www.fundatiagusa.ro\/en\/programe-activitati-2019\/","title":{"rendered":"Programs &amp; Activities 2019"},"content":{"rendered":"\t\t<div data-elementor-type=\"wp-post\" data-elementor-id=\"11139\" class=\"elementor elementor-11139 elementor-5926\">\n\t\t\t\t\t\t<section class=\"elementor-section elementor-top-section elementor-element elementor-element-4f9c093 elementor-section-boxed elementor-section-height-default elementor-section-height-default\" data-id=\"4f9c093\" data-element_type=\"section\">\n\t\t\t\t\t\t<div class=\"elementor-container elementor-column-gap-default\">\n\t\t\t\t\t<div class=\"elementor-column elementor-col-100 elementor-top-column elementor-element elementor-element-1fe3e31\" data-id=\"1fe3e31\" data-element_type=\"column\">\n\t\t\t<div class=\"elementor-widget-wrap elementor-element-populated\">\n\t\t\t\t\t\t<div class=\"elementor-element elementor-element-d073fa7 elementor-widget elementor-widget-heading\" data-id=\"d073fa7\" data-element_type=\"widget\" data-widget_type=\"heading.default\">\n\t\t\t\t<div class=\"elementor-widget-container\">\n\t\t\t<style>\/*! elementor - v3.19.0 - 26-02-2024 *\/\n.elementor-heading-title{padding:0;margin:0;line-height:1}.elementor-widget-heading .elementor-heading-title[class*=elementor-size-]>a{color:inherit;font-size:inherit;line-height:inherit}.elementor-widget-heading .elementor-heading-title.elementor-size-small{font-size:15px}.elementor-widget-heading .elementor-heading-title.elementor-size-medium{font-size:19px}.elementor-widget-heading .elementor-heading-title.elementor-size-large{font-size:29px}.elementor-widget-heading .elementor-heading-title.elementor-size-xl{font-size:39px}.elementor-widget-heading .elementor-heading-title.elementor-size-xxl{font-size:59px}<\/style><h4 class=\"elementor-heading-title elementor-size-default\"><a href=\"#\">Program<\/a><\/h4>\t\t<\/div>\n\t\t\t\t<\/div>\n\t\t\t\t<div class=\"elementor-element elementor-element-1bbea3d elementor-widget elementor-widget-text-editor\" data-id=\"1bbea3d\" data-element_type=\"widget\" data-widget_type=\"text-editor.default\">\n\t\t\t\t<div class=\"elementor-widget-container\">\n\t\t\t<style>\/*! elementor - v3.19.0 - 26-02-2024 *\/\n.elementor-widget-text-editor.elementor-drop-cap-view-stacked .elementor-drop-cap{background-color:#69727d;color:#fff}.elementor-widget-text-editor.elementor-drop-cap-view-framed .elementor-drop-cap{color:#69727d;border:3px solid;background-color:transparent}.elementor-widget-text-editor:not(.elementor-drop-cap-view-default) .elementor-drop-cap{margin-top:8px}.elementor-widget-text-editor:not(.elementor-drop-cap-view-default) .elementor-drop-cap-letter{width:1em;height:1em}.elementor-widget-text-editor .elementor-drop-cap{float:left;text-align:center;line-height:1;font-size:50px}.elementor-widget-text-editor .elementor-drop-cap-letter{display:inline-block}<\/style>\t\t\t\t<p style=\"text-align: center;\"><strong>PLAN of activities for 2019<\/strong><br \/><strong>\u201cGeneral \u015etefan Gu\u015f\u0103\u201d Foundation.<\/strong><\/p><p><strong>I. Scholarships and prizes:<\/strong><\/p><p>a. Assignment of monthly scholarships in the period October 2018-June 2019 for:<\/p><p style=\"padding-left: 40px;\">3 squad leaders and students of the non-commissioned officers school<br \/>3 dropouts of the military academies (land, air, naval)<br \/>1 student Military Technical Academy.<\/p><p>b. Trip to Italy for 10 students of the Military High School and one accompanying teacher<\/p><p>c. The awarding of the \u201cGeneral \u015etefan Gu\u015f\u0103 Foundation\u201d prizes to the graduates \u2013 leaders of the promotion of:<\/p><p style=\"padding-left: 40px;\">Military Technical Academy, Land Forces Academies \u201cNicolae B\u0103lcescu\u201d Sibiu;<br \/>Naval Forces \u201cMircea the Old Man\u201d Constanta;<br \/>Air Force \u201cHenri Coand\u0103\u201d Bra\u015fov<br \/>Military Schools of Squad Leaders and Non-Commissioned Officers:<br \/>of the Land Forces, \u201cBasarab I\u201d \u2013 Pitesti;<br \/>of the Air Force, \u201cTraian Vuia\u201d \u2013 Matricola,<br \/>of the Naval Forces, \u201cAdmiral Murgescu\u201d \u2013 Constanza.<\/p><p>d, Assignment of the Foundation Prizes on the occasion of the autumn and summer Military Sports Games<\/p><ol><li>Assignment of the Prize for scientific research in the field of national defence<\/li><li>The special prize of the General \u015etefan Gusa Foundation for the historical contest: \u201cNational Day of the centenary\u201d in collaboration with the 2nd Division, Second Army.<\/li><li>Support to the cultural-educational project \u201cLet us preserve the tradition of the Romanian people \u2013 Coronita folklore group \u2013 Spataru School\u201d<\/li><\/ol><p><strong>II. Charity actions:<\/strong><\/p><p>December 2019 \u2022 Gifts for children Spataru School<\/p><p><strong>III. Ceremonies:<\/strong><\/p><p>October 25, 2019 \u2013 Army Day: Laying of a wreath at the Tomb of the Unknown Soldier<br \/>June 6, 2019 \u2013 Ascension of the Lord \u2013 Heroes\u2019 Day, military and religious ceremony in the church of the village of Sp\u0103taru<br \/>December 22, 2019 \u2013 Anniversary of the events of December 1989. Military and religious ceremony<\/p>\t\t\t\t\t\t<\/div>\n\t\t\t\t<\/div>\n\t\t\t\t<div class=\"elementor-element elementor-element-33dc509 elementor-widget elementor-widget-heading\" data-id=\"33dc509\" data-element_type=\"widget\" data-widget_type=\"heading.default\">\n\t\t\t\t<div class=\"elementor-widget-container\">\n\t\t\t<h4 class=\"elementor-heading-title elementor-size-default\"><a href=\"#\">Activities<\/a><\/h4>\t\t<\/div>\n\t\t\t\t<\/div>\n\t\t\t\t<div class=\"elementor-element elementor-element-a9d85f9 elementor-widget elementor-widget-text-editor\" data-id=\"a9d85f9\" data-element_type=\"widget\" data-widget_type=\"text-editor.default\">\n\t\t\t\t<div class=\"elementor-widget-container\">\n\t\t\t\t\t\t\t<p><strong>February 9, 2019<\/strong> \u2013 On 09.02. 2019 the Ministry of National Defence organized the award ceremony of the Military Ski Championship for the training units<\/p>\t\t\t\t\t\t<\/div>\n\t\t\t\t<\/div>\n\t\t\t\t\t<\/div>\n\t\t<\/div>\n\t\t\t\t\t<\/div>\n\t\t<\/section>\n\t\t\t\t<section class=\"elementor-section elementor-top-section elementor-element elementor-element-2576614 elementor-section-boxed elementor-section-height-default elementor-section-height-default\" data-id=\"2576614\" data-element_type=\"section\">\n\t\t\t\t\t\t<div class=\"elementor-container elementor-column-gap-default\">\n\t\t\t\t\t<div class=\"elementor-column elementor-col-100 elementor-top-column elementor-element elementor-element-5598fe1\" data-id=\"5598fe1\" data-element_type=\"column\">\n\t\t\t<div class=\"elementor-widget-wrap elementor-element-populated\">\n\t\t\t\t\t\t<div class=\"elementor-element elementor-element-84015de elementor-widget elementor-widget-toggle\" data-id=\"84015de\" data-element_type=\"widget\" data-widget_type=\"toggle.default\">\n\t\t\t\t<div class=\"elementor-widget-container\">\n\t\t\t<style>\/*! elementor - v3.19.0 - 26-02-2024 *\/\n.elementor-toggle{text-align:left}.elementor-toggle .elementor-tab-title{font-weight:700;line-height:1;margin:0;padding:15px;border-bottom:1px solid #d5d8dc;cursor:pointer;outline:none}.elementor-toggle .elementor-tab-title .elementor-toggle-icon{display:inline-block;width:1em}.elementor-toggle .elementor-tab-title .elementor-toggle-icon svg{margin-inline-start:-5px;width:1em;height:1em}.elementor-toggle .elementor-tab-title .elementor-toggle-icon.elementor-toggle-icon-right{float:right;text-align:right}.elementor-toggle .elementor-tab-title .elementor-toggle-icon.elementor-toggle-icon-left{float:left;text-align:left}.elementor-toggle .elementor-tab-title .elementor-toggle-icon .elementor-toggle-icon-closed{display:block}.elementor-toggle .elementor-tab-title .elementor-toggle-icon .elementor-toggle-icon-opened{display:none}.elementor-toggle .elementor-tab-title.elementor-active{border-bottom:none}.elementor-toggle .elementor-tab-title.elementor-active .elementor-toggle-icon-closed{display:none}.elementor-toggle .elementor-tab-title.elementor-active .elementor-toggle-icon-opened{display:block}.elementor-toggle .elementor-tab-content{padding:15px;border-bottom:1px solid #d5d8dc;display:none}@media (max-width:767px){.elementor-toggle .elementor-tab-title{padding:12px}.elementor-toggle .elementor-tab-content{padding:12px 10px}}.e-con-inner>.elementor-widget-toggle,.e-con>.elementor-widget-toggle{width:var(--container-widget-width);--flex-grow:var(--container-widget-flex-grow)}<\/style>\t\t<div class=\"elementor-toggle\">\n\t\t\t\t\t\t\t<div class=\"elementor-toggle-item\">\n\t\t\t\t\t<div id=\"elementor-tab-title-1381\" class=\"elementor-tab-title\" data-tab=\"1\" role=\"button\" aria-controls=\"elementor-tab-content-1381\" aria-expanded=\"false\">\n\t\t\t\t\t\t\t\t\t\t\t\t<span class=\"elementor-toggle-icon elementor-toggle-icon-left\" aria-hidden=\"true\">\n\t\t\t\t\t\t\t\t\t\t\t\t\t\t\t<span class=\"elementor-toggle-icon-closed\"><i class=\"fas fa-caret-right\"><\/i><\/span>\n\t\t\t\t\t\t\t\t<span class=\"elementor-toggle-icon-opened\"><i class=\"elementor-toggle-icon-opened fas fa-caret-up\"><\/i><\/span>\n\t\t\t\t\t\t\t\t\t\t\t\t\t<\/span>\n\t\t\t\t\t\t\t\t\t\t\t\t<a class=\"elementor-toggle-title\" tabindex=\"0\">discover the event<\/a>\n\t\t\t\t\t<\/div>\n\n\t\t\t\t\t<div id=\"elementor-tab-content-1381\" class=\"elementor-tab-content elementor-clearfix\" data-tab=\"1\" role=\"region\" aria-labelledby=\"elementor-tab-title-1381\"><p style=\"text-align: center;\"><strong>Winter Games 2019<\/strong><\/p><p>On 09.02. 2019 the Ministry of National Defence organized the award ceremony of the Military Ski Championship for the training units.<\/p><p>On this occasion the General Stefan Gusa Foundation, as has now become tradition, delivered diplomas and prizes to the athletes ranked in the first three places:<\/p><p>First place \u2013 cap. Moisan Dumitru<br \/>Second place \u2013 cap. Moraru Mario<br \/>Third classified \u2013 cap. Raducu Narciso.<\/p><\/div>\n\t\t\t\t<\/div>\n\t\t\t\t\t\t\t\t<\/div>\n\t\t\t\t<\/div>\n\t\t\t\t<\/div>\n\t\t\t\t\t<\/div>\n\t\t<\/div>\n\t\t\t\t\t<\/div>\n\t\t<\/section>\n\t\t\t\t<section class=\"elementor-section elementor-top-section elementor-element elementor-element-c00709d elementor-section-boxed elementor-section-height-default elementor-section-height-default\" data-id=\"c00709d\" data-element_type=\"section\">\n\t\t\t\t\t\t<div class=\"elementor-container elementor-column-gap-default\">\n\t\t\t\t\t<div class=\"elementor-column elementor-col-100 elementor-top-column elementor-element elementor-element-08ffaa7\" data-id=\"08ffaa7\" data-element_type=\"column\">\n\t\t\t<div class=\"elementor-widget-wrap elementor-element-populated\">\n\t\t\t\t\t\t<div class=\"elementor-element elementor-element-4aff279 elementor-widget elementor-widget-text-editor\" data-id=\"4aff279\" data-element_type=\"widget\" data-widget_type=\"text-editor.default\">\n\t\t\t\t<div class=\"elementor-widget-container\">\n\t\t\t\t\t\t\t<p><strong>July 2019<\/strong> \u2013 On the occasion of the graduation ceremonies, in the garrisons of residence, generals and reserve officers, former colleagues of general Stefan Gusa\u2026<\/p>\t\t\t\t\t\t<\/div>\n\t\t\t\t<\/div>\n\t\t\t\t\t<\/div>\n\t\t<\/div>\n\t\t\t\t\t<\/div>\n\t\t<\/section>\n\t\t\t\t<section class=\"elementor-section elementor-top-section elementor-element elementor-element-485e177 elementor-section-boxed elementor-section-height-default elementor-section-height-default\" data-id=\"485e177\" data-element_type=\"section\">\n\t\t\t\t\t\t<div class=\"elementor-container elementor-column-gap-default\">\n\t\t\t\t\t<div class=\"elementor-column elementor-col-100 elementor-top-column elementor-element elementor-element-f220a76\" data-id=\"f220a76\" data-element_type=\"column\">\n\t\t\t<div class=\"elementor-widget-wrap elementor-element-populated\">\n\t\t\t\t\t\t<div class=\"elementor-element elementor-element-8d46b63 elementor-widget elementor-widget-toggle\" data-id=\"8d46b63\" data-element_type=\"widget\" data-widget_type=\"toggle.default\">\n\t\t\t\t<div class=\"elementor-widget-container\">\n\t\t\t\t\t<div class=\"elementor-toggle\">\n\t\t\t\t\t\t\t<div class=\"elementor-toggle-item\">\n\t\t\t\t\t<div id=\"elementor-tab-title-1481\" class=\"elementor-tab-title\" data-tab=\"1\" role=\"button\" aria-controls=\"elementor-tab-content-1481\" aria-expanded=\"false\">\n\t\t\t\t\t\t\t\t\t\t\t\t<span class=\"elementor-toggle-icon elementor-toggle-icon-left\" aria-hidden=\"true\">\n\t\t\t\t\t\t\t\t\t\t\t\t\t\t\t<span class=\"elementor-toggle-icon-closed\"><i class=\"fas fa-caret-right\"><\/i><\/span>\n\t\t\t\t\t\t\t\t<span class=\"elementor-toggle-icon-opened\"><i class=\"elementor-toggle-icon-opened fas fa-caret-up\"><\/i><\/span>\n\t\t\t\t\t\t\t\t\t\t\t\t\t<\/span>\n\t\t\t\t\t\t\t\t\t\t\t\t<a class=\"elementor-toggle-title\" tabindex=\"0\">discover the event<\/a>\n\t\t\t\t\t<\/div>\n\n\t\t\t\t\t<div id=\"elementor-tab-content-1481\" class=\"elementor-tab-content elementor-clearfix\" data-tab=\"1\" role=\"region\" aria-labelledby=\"elementor-tab-title-1481\"><p style=\"text-align: center;\"><strong>Awarding of the prizes to the heads of the promotion<\/strong><\/p><p>In July 2019, on the occasion of the graduation ceremonies, in the residences of the garrisons, generals and reserve officers, former colleagues of General Stefan Gusa, coming from the General Staffs of the Armed Forces, conferred diplomas of excellence and recognitions in the name of the \u201cGeneral Stefan Gusa\u201d to the leaders of the 2019 graduating class \u201cNicolae Balcescu-200\u201d of the military educational institutions of the Ministry of National Defence.<\/p><p>We send congratulations and success in the career of the graduates:<\/p><p>\u2013 the head of the promotion of the military technical Academy \u2013 slt.ing Gabor Radu Cristian<\/p><p>\u2013 the head of the promotion of the Land Forces Academy \u201cNicolae Balcescu\u201d \u2013 slt. Gotta Adriana Ecaterina<\/p><p>\u2013 the head of the promotion of the Military Aeronautics Academy \u201cHenri Coanda\u201d \u2013 slt. Dorisan Madalina Lorena<\/p><p>\u2013 the promotion head of the Naval Academy \u201cMircea cel Batr\u00e2n\u201d \u2013 asp. Ing. Chirita Elena Iuliana Alexandra<\/p><p>\u2013 the head of the Military School of promotion of Military Squad Leaders and Non-Commissioned Officers of the Land Forces \u201cBasarab I\u201d \u2013 MMV a \u2013 Velea Mihaita Iulian<\/p><p>\u2013 the person responsible for the promotion of the Military School of Military Squad Leaders and Non-Commissioned Officers of the Air Force \u201cTraian Vuia\u201d \u2013 MMV a \u2013 Dragan Ana Maria<\/p><p>\u2013 the head of the promotion of the Military Squad Leaders School of the Naval Forces \u201cAdmiral Ion Murgescu\u201d \u2013 MMV of Dumitrache Constantin Aurelia.<\/p><\/div>\n\t\t\t\t<\/div>\n\t\t\t\t\t\t\t\t<\/div>\n\t\t\t\t<\/div>\n\t\t\t\t<\/div>\n\t\t\t\t\t<\/div>\n\t\t<\/div>\n\t\t\t\t\t<\/div>\n\t\t<\/section>\n\t\t\t\t<section class=\"elementor-section elementor-top-section elementor-element elementor-element-5fe7e8f elementor-section-boxed elementor-section-height-default elementor-section-height-default\" data-id=\"5fe7e8f\" data-element_type=\"section\">\n\t\t\t\t\t\t<div class=\"elementor-container elementor-column-gap-default\">\n\t\t\t\t\t<div class=\"elementor-column elementor-col-100 elementor-top-column elementor-element elementor-element-e2edb67\" data-id=\"e2edb67\" data-element_type=\"column\">\n\t\t\t<div class=\"elementor-widget-wrap elementor-element-populated\">\n\t\t\t\t\t\t<div class=\"elementor-element elementor-element-9bc9dbe elementor-widget elementor-widget-text-editor\" data-id=\"9bc9dbe\" data-element_type=\"widget\" data-widget_type=\"text-editor.default\">\n\t\t\t\t<div class=\"elementor-widget-container\">\n\t\t\t\t\t\t\t<p><strong>5-12 July 2019<\/strong> \u2013 From July 5 to 12, 2019, as every year since 2010, there took place the trip organized by the Foundation for 10 students of the high schools with military profile of the country\u2026<\/p>\t\t\t\t\t\t<\/div>\n\t\t\t\t<\/div>\n\t\t\t\t\t<\/div>\n\t\t<\/div>\n\t\t\t\t\t<\/div>\n\t\t<\/section>\n\t\t\t\t<section class=\"elementor-section elementor-top-section elementor-element elementor-element-fefed1b elementor-section-boxed elementor-section-height-default elementor-section-height-default\" data-id=\"fefed1b\" data-element_type=\"section\">\n\t\t\t\t\t\t<div class=\"elementor-container elementor-column-gap-default\">\n\t\t\t\t\t<div class=\"elementor-column elementor-col-100 elementor-top-column elementor-element elementor-element-f3e55f1\" data-id=\"f3e55f1\" data-element_type=\"column\">\n\t\t\t<div class=\"elementor-widget-wrap elementor-element-populated\">\n\t\t\t\t\t\t<div class=\"elementor-element elementor-element-8eda103 elementor-widget elementor-widget-toggle\" data-id=\"8eda103\" data-element_type=\"widget\" data-widget_type=\"toggle.default\">\n\t\t\t\t<div class=\"elementor-widget-container\">\n\t\t\t\t\t<div class=\"elementor-toggle\">\n\t\t\t\t\t\t\t<div class=\"elementor-toggle-item\">\n\t\t\t\t\t<div id=\"elementor-tab-title-1491\" class=\"elementor-tab-title\" data-tab=\"1\" role=\"button\" aria-controls=\"elementor-tab-content-1491\" aria-expanded=\"false\">\n\t\t\t\t\t\t\t\t\t\t\t\t<span class=\"elementor-toggle-icon elementor-toggle-icon-left\" aria-hidden=\"true\">\n\t\t\t\t\t\t\t\t\t\t\t\t\t\t\t<span class=\"elementor-toggle-icon-closed\"><i class=\"fas fa-caret-right\"><\/i><\/span>\n\t\t\t\t\t\t\t\t<span class=\"elementor-toggle-icon-opened\"><i class=\"elementor-toggle-icon-opened fas fa-caret-up\"><\/i><\/span>\n\t\t\t\t\t\t\t\t\t\t\t\t\t<\/span>\n\t\t\t\t\t\t\t\t\t\t\t\t<a class=\"elementor-toggle-title\" tabindex=\"0\">discover the event<\/a>\n\t\t\t\t\t<\/div>\n\n\t\t\t\t\t<div id=\"elementor-tab-content-1491\" class=\"elementor-tab-content elementor-clearfix\" data-tab=\"1\" role=\"region\" aria-labelledby=\"elementor-tab-title-1491\"><p style=\"text-align: center;\"><strong>Trip to Italy<\/strong><\/p><p>From July 5 to 12, 2019, as every year since 2010, there took place the trip organized by the Foundation for 10 students of the high schools with military profile of the country. This year benefited from this prize: Raduta Andrei, Coran Raluca, Iorga Biancaca, Cristea Robert, Nichiteanu Dan, Duracu Miruna, Paraschivescu Stefan, Stefanescu Stefania, Postolachi Ana Maria, Rilea Petru. The cities of Florence, Venice, Milan were visited.<\/p><p>An article about the trip was written and published on the website of the National Military College \u201cDimitrie Cantemir\u201d of Breaza.<\/p><\/div>\n\t\t\t\t<\/div>\n\t\t\t\t\t\t\t\t<\/div>\n\t\t\t\t<\/div>\n\t\t\t\t<\/div>\n\t\t\t\t\t<\/div>\n\t\t<\/div>\n\t\t\t\t\t<\/div>\n\t\t<\/section>\n\t\t\t\t<section class=\"elementor-section elementor-top-section elementor-element elementor-element-2ee5fe6 elementor-section-boxed elementor-section-height-default elementor-section-height-default\" data-id=\"2ee5fe6\" data-element_type=\"section\">\n\t\t\t\t\t\t<div class=\"elementor-container elementor-column-gap-default\">\n\t\t\t\t\t<div class=\"elementor-column elementor-col-100 elementor-top-column elementor-element elementor-element-786ccc5\" data-id=\"786ccc5\" data-element_type=\"column\">\n\t\t\t<div class=\"elementor-widget-wrap elementor-element-populated\">\n\t\t\t\t\t\t<div class=\"elementor-element elementor-element-2e6c3d0 elementor-widget elementor-widget-text-editor\" data-id=\"2e6c3d0\" data-element_type=\"widget\" data-widget_type=\"text-editor.default\">\n\t\t\t\t<div class=\"elementor-widget-container\">\n\t\t\t\t\t\t\t<p><strong>July 6, 2019<\/strong> \u2013 The Ministry of National Defence organized the award ceremony of the winners of the Summer Sports Games for the training units\u2026<\/p>\t\t\t\t\t\t<\/div>\n\t\t\t\t<\/div>\n\t\t\t\t\t<\/div>\n\t\t<\/div>\n\t\t\t\t\t<\/div>\n\t\t<\/section>\n\t\t\t\t<section class=\"elementor-section elementor-top-section elementor-element elementor-element-c4e101a elementor-section-boxed elementor-section-height-default elementor-section-height-default\" data-id=\"c4e101a\" data-element_type=\"section\">\n\t\t\t\t\t\t<div class=\"elementor-container elementor-column-gap-default\">\n\t\t\t\t\t<div class=\"elementor-column elementor-col-100 elementor-top-column elementor-element elementor-element-2d2afba\" data-id=\"2d2afba\" data-element_type=\"column\">\n\t\t\t<div class=\"elementor-widget-wrap elementor-element-populated\">\n\t\t\t\t\t\t<div class=\"elementor-element elementor-element-14c52de elementor-widget elementor-widget-toggle\" data-id=\"14c52de\" data-element_type=\"widget\" data-widget_type=\"toggle.default\">\n\t\t\t\t<div class=\"elementor-widget-container\">\n\t\t\t\t\t<div class=\"elementor-toggle\">\n\t\t\t\t\t\t\t<div class=\"elementor-toggle-item\">\n\t\t\t\t\t<div id=\"elementor-tab-title-2171\" class=\"elementor-tab-title\" data-tab=\"1\" role=\"button\" aria-controls=\"elementor-tab-content-2171\" aria-expanded=\"false\">\n\t\t\t\t\t\t\t\t\t\t\t\t<span class=\"elementor-toggle-icon elementor-toggle-icon-left\" aria-hidden=\"true\">\n\t\t\t\t\t\t\t\t\t\t\t\t\t\t\t<span class=\"elementor-toggle-icon-closed\"><i class=\"fas fa-caret-right\"><\/i><\/span>\n\t\t\t\t\t\t\t\t<span class=\"elementor-toggle-icon-opened\"><i class=\"elementor-toggle-icon-opened fas fa-caret-up\"><\/i><\/span>\n\t\t\t\t\t\t\t\t\t\t\t\t\t<\/span>\n\t\t\t\t\t\t\t\t\t\t\t\t<a class=\"elementor-toggle-title\" tabindex=\"0\">discover the event<\/a>\n\t\t\t\t\t<\/div>\n\n\t\t\t\t\t<div id=\"elementor-tab-content-2171\" class=\"elementor-tab-content elementor-clearfix\" data-tab=\"1\" role=\"region\" aria-labelledby=\"elementor-tab-title-2171\"><p style=\"text-align: center;\"><strong>Summer Games 2019<\/strong><\/p>\nThe Ministry of National Defence organized the award ceremony of the winners of the Summer Sports Games for the training units. On this occasion the General Stefan Gusa Foundation awarded diplomas and prizes for the athletes ranked in the first three places:\n\nFirst place \u2013 frt. Stef Lenuta\nSecond place \u2013 cap. Badicel Daniele\nThird place \u2013 sld. Caracuda Anda Silvia\n\nMore information about the contest organized this year can be found <a href=\"http:\/\/presamil.ro\/dubla-premiere-la-concursurile-aplicativ-militare-de-vara\/4\/\" target=\"_blank\" rel=\"noopener\">here<\/a>.\n\n<\/div>\n\t\t\t\t<\/div>\n\t\t\t\t\t\t\t\t<\/div>\n\t\t\t\t<\/div>\n\t\t\t\t<\/div>\n\t\t\t\t\t<\/div>\n\t\t<\/div>\n\t\t\t\t\t<\/div>\n\t\t<\/section>\n\t\t\t\t<section class=\"elementor-section elementor-top-section elementor-element elementor-element-b818dc1 elementor-section-boxed elementor-section-height-default elementor-section-height-default\" data-id=\"b818dc1\" data-element_type=\"section\">\n\t\t\t\t\t\t<div class=\"elementor-container elementor-column-gap-default\">\n\t\t\t\t\t<div class=\"elementor-column elementor-col-100 elementor-top-column elementor-element elementor-element-3627be3\" data-id=\"3627be3\" data-element_type=\"column\">\n\t\t\t<div class=\"elementor-widget-wrap elementor-element-populated\">\n\t\t\t\t\t\t<div class=\"elementor-element elementor-element-5a84ee3 elementor-widget elementor-widget-text-editor\" data-id=\"5a84ee3\" data-element_type=\"widget\" data-widget_type=\"text-editor.default\">\n\t\t\t\t<div class=\"elementor-widget-container\">\n\t\t\t\t\t\t\t<p><strong>September 24, 2019<\/strong> \u2013 The \u201cGeneral Stefan Gusa\u201d Foundation awarded the Diploma of Excellence and the Prize for Scientific Research\u2026.<\/p>\t\t\t\t\t\t<\/div>\n\t\t\t\t<\/div>\n\t\t\t\t\t<\/div>\n\t\t<\/div>\n\t\t\t\t\t<\/div>\n\t\t<\/section>\n\t\t\t\t<section class=\"elementor-section elementor-top-section elementor-element elementor-element-23fdc42 elementor-section-boxed elementor-section-height-default elementor-section-height-default\" data-id=\"23fdc42\" data-element_type=\"section\">\n\t\t\t\t\t\t<div class=\"elementor-container elementor-column-gap-default\">\n\t\t\t\t\t<div class=\"elementor-column elementor-col-100 elementor-top-column elementor-element elementor-element-7e72623\" data-id=\"7e72623\" data-element_type=\"column\">\n\t\t\t<div class=\"elementor-widget-wrap elementor-element-populated\">\n\t\t\t\t\t\t<div class=\"elementor-element elementor-element-7abd708 elementor-widget elementor-widget-toggle\" data-id=\"7abd708\" data-element_type=\"widget\" data-widget_type=\"toggle.default\">\n\t\t\t\t<div class=\"elementor-widget-container\">\n\t\t\t\t\t<div class=\"elementor-toggle\">\n\t\t\t\t\t\t\t<div class=\"elementor-toggle-item\">\n\t\t\t\t\t<div id=\"elementor-tab-title-1281\" class=\"elementor-tab-title\" data-tab=\"1\" role=\"button\" aria-controls=\"elementor-tab-content-1281\" aria-expanded=\"false\">\n\t\t\t\t\t\t\t\t\t\t\t\t<span class=\"elementor-toggle-icon elementor-toggle-icon-left\" aria-hidden=\"true\">\n\t\t\t\t\t\t\t\t\t\t\t\t\t\t\t<span class=\"elementor-toggle-icon-closed\"><i class=\"fas fa-caret-right\"><\/i><\/span>\n\t\t\t\t\t\t\t\t<span class=\"elementor-toggle-icon-opened\"><i class=\"elementor-toggle-icon-opened fas fa-caret-up\"><\/i><\/span>\n\t\t\t\t\t\t\t\t\t\t\t\t\t<\/span>\n\t\t\t\t\t\t\t\t\t\t\t\t<a class=\"elementor-toggle-title\" tabindex=\"0\">discover the event<\/a>\n\t\t\t\t\t<\/div>\n\n\t\t\t\t\t<div id=\"elementor-tab-content-1281\" class=\"elementor-tab-content elementor-clearfix\" data-tab=\"1\" role=\"region\" aria-labelledby=\"elementor-tab-title-1281\"><p style=\"text-align: center;\"><strong>Awarding of the Prize for scientific research in the field of national defence<\/strong><\/p><p>24.09.2019 \u2013 The \u201cGeneral Stefan Gusa\u201d Foundation awarded the Diploma of Excellence and the Prize for Scientific Research in the amount of 1500 lei to Lt. Lect. Dr. Cristian Ichimescu of the National Defence University \u201cCarol I\u201d.<\/p><\/div>\n\t\t\t\t<\/div>\n\t\t\t\t\t\t\t\t<\/div>\n\t\t\t\t<\/div>\n\t\t\t\t<\/div>\n\t\t\t\t\t<\/div>\n\t\t<\/div>\n\t\t\t\t\t<\/div>\n\t\t<\/section>\n\t\t\t\t<section class=\"elementor-section elementor-top-section elementor-element elementor-element-839b693 elementor-section-boxed elementor-section-height-default elementor-section-height-default\" data-id=\"839b693\" data-element_type=\"section\">\n\t\t\t\t\t\t<div class=\"elementor-container elementor-column-gap-default\">\n\t\t\t\t\t<div class=\"elementor-column elementor-col-100 elementor-top-column elementor-element elementor-element-fffe450\" data-id=\"fffe450\" data-element_type=\"column\">\n\t\t\t<div class=\"elementor-widget-wrap elementor-element-populated\">\n\t\t\t\t\t\t<div class=\"elementor-element elementor-element-c3fdda1 elementor-widget elementor-widget-text-editor\" data-id=\"c3fdda1\" data-element_type=\"widget\" data-widget_type=\"text-editor.default\">\n\t\t\t\t<div class=\"elementor-widget-container\">\n\t\t\t\t\t\t\t<p><strong>December 22, 2019<\/strong> \u2013 On December 22, 2019, there took place the military and religious ceremony at the church of Spataru, founded by general Stefan Gusa\u2026<\/p>\t\t\t\t\t\t<\/div>\n\t\t\t\t<\/div>\n\t\t\t\t\t<\/div>\n\t\t<\/div>\n\t\t\t\t\t<\/div>\n\t\t<\/section>\n\t\t\t\t<section class=\"elementor-section elementor-top-section elementor-element elementor-element-15066d0 elementor-section-boxed elementor-section-height-default elementor-section-height-default\" data-id=\"15066d0\" data-element_type=\"section\">\n\t\t\t\t\t\t<div class=\"elementor-container elementor-column-gap-default\">\n\t\t\t\t\t<div class=\"elementor-column elementor-col-100 elementor-top-column elementor-element elementor-element-64da624\" data-id=\"64da624\" data-element_type=\"column\">\n\t\t\t<div class=\"elementor-widget-wrap elementor-element-populated\">\n\t\t\t\t\t\t<div class=\"elementor-element elementor-element-2d4454e elementor-widget elementor-widget-toggle\" data-id=\"2d4454e\" data-element_type=\"widget\" data-widget_type=\"toggle.default\">\n\t\t\t\t<div class=\"elementor-widget-container\">\n\t\t\t\t\t<div class=\"elementor-toggle\">\n\t\t\t\t\t\t\t<div class=\"elementor-toggle-item\">\n\t\t\t\t\t<div id=\"elementor-tab-title-4741\" class=\"elementor-tab-title\" data-tab=\"1\" role=\"button\" aria-controls=\"elementor-tab-content-4741\" aria-expanded=\"false\">\n\t\t\t\t\t\t\t\t\t\t\t\t<span class=\"elementor-toggle-icon elementor-toggle-icon-left\" aria-hidden=\"true\">\n\t\t\t\t\t\t\t\t\t\t\t\t\t\t\t<span class=\"elementor-toggle-icon-closed\"><i class=\"fas fa-caret-right\"><\/i><\/span>\n\t\t\t\t\t\t\t\t<span class=\"elementor-toggle-icon-opened\"><i class=\"elementor-toggle-icon-opened fas fa-caret-up\"><\/i><\/span>\n\t\t\t\t\t\t\t\t\t\t\t\t\t<\/span>\n\t\t\t\t\t\t\t\t\t\t\t\t<a class=\"elementor-toggle-title\" tabindex=\"0\">discover the event<\/a>\n\t\t\t\t\t<\/div>\n\n\t\t\t\t\t<div id=\"elementor-tab-content-4741\" class=\"elementor-tab-content elementor-clearfix\" data-tab=\"1\" role=\"region\" aria-labelledby=\"elementor-tab-title-4741\"><p style=\"text-align: center;\"><strong>Commemoration of the heroes of December 1989 at Spataru<\/strong><\/p><p>On December 22, 2019, in the church of Spataru, founded by general Stefan Gusa, there took place the military and religious ceremony dedicated to the anniversary of the Romanian revolution of December 1989, at which the Foundation, the prefect of the county, the commander of the Buzau garrison, the municipality of Costesti and the general school \u201cGeneral Stefan Gusa\u201d of the village of Spataru laid wreaths of flowers. On the occasion of the winter holidays, the pupils of the General School received from the Foundation, as every year, gifts (packages with clothes, toys, sweets and fruit).<\/p><div id='gallery-1' class='gallery galleryid-11139 gallery-columns-2 gallery-size-medium'><figure class='gallery-item'>\n\t\t\t<div class='gallery-icon portrait'>\n\t\t\t\t<a href='https:\/\/www.fundatiagusa.ro\/wp-content\/uploads\/2023\/06\/big_foto-Craciun-2019_FGSG.jpg'><img fetchpriority=\"high\" decoding=\"async\" width=\"225\" height=\"300\" src=\"https:\/\/www.fundatiagusa.ro\/wp-content\/uploads\/2023\/06\/big_foto-Craciun-2019_FGSG-225x300.jpg\" class=\"attachment-medium size-medium\" alt=\"\" srcset=\"https:\/\/www.fundatiagusa.ro\/wp-content\/uploads\/2023\/06\/big_foto-Craciun-2019_FGSG-225x300.jpg 225w, https:\/\/www.fundatiagusa.ro\/wp-content\/uploads\/2023\/06\/big_foto-Craciun-2019_FGSG.jpg 750w\" sizes=\"(max-width: 225px) 100vw, 225px\" \/><\/a>\n\t\t\t<\/div><\/figure><figure class='gallery-item'>\n\t\t\t<div class='gallery-icon portrait'>\n\t\t\t\t<a href='https:\/\/www.fundatiagusa.ro\/wp-content\/uploads\/2023\/06\/big_foto-Craciun-2019-FGSG.jpg'><img decoding=\"async\" width=\"225\" height=\"300\" src=\"https:\/\/www.fundatiagusa.ro\/wp-content\/uploads\/2023\/06\/big_foto-Craciun-2019-FGSG-225x300.jpg\" class=\"attachment-medium size-medium\" alt=\"\" srcset=\"https:\/\/www.fundatiagusa.ro\/wp-content\/uploads\/2023\/06\/big_foto-Craciun-2019-FGSG-225x300.jpg 225w, https:\/\/www.fundatiagusa.ro\/wp-content\/uploads\/2023\/06\/big_foto-Craciun-2019-FGSG.jpg 750w\" sizes=\"(max-width: 225px) 100vw, 225px\" \/><\/a>\n\t\t\t<\/div><\/figure>\n\t\t<\/div>\n<\/div>\n\t\t\t\t<\/div>\n\t\t\t\t\t\t\t\t<\/div>\n\t\t\t\t<\/div>\n\t\t\t\t<\/div>\n\t\t\t\t\t<\/div>\n\t\t<\/div>\n\t\t\t\t\t<\/div>\n\t\t<\/section>\n\t\t\t\t<\/div>\n\t\t","protected":false},"excerpt":{"rendered":"<p>Program PLAN of activities for 2019\u201cGeneral \u015etefan Gu\u015f\u0103\u201d Foundation. I. Scholarships and prizes: a. Assignment of monthly scholarships in the period October 2018-June 2019 for: 3 squad leaders and students of the non-commissioned officers school3 dropouts of the military academies (land, air, naval)1 student Military Technical Academy. b. Trip to Italy for 10 students of [&hellip;]<\/p>\n","protected":false},"author":2,"featured_media":0,"comment_status":"open","ping_status":"open","sticky":false,"template":"","format":"standard","meta":{"footnotes":""},"categories":[142],"tags":[],"class_list":["post-11139","post","type-post","status-publish","format-standard","hentry","category-activities-2019"],"_links":{"self":[{"href":"https:\/\/www.fundatiagusa.ro\/en\/wp-json\/wp\/v2\/posts\/11139","targetHints":{"allow":["GET"]}}],"collection":[{"href":"https:\/\/www.fundatiagusa.ro\/en\/wp-json\/wp\/v2\/posts"}],"about":[{"href":"https:\/\/www.fundatiagusa.ro\/en\/wp-json\/wp\/v2\/types\/post"}],"author":[{"embeddable":true,"href":"https:\/\/www.fundatiagusa.ro\/en\/wp-json\/wp\/v2\/users\/2"}],"replies":[{"embeddable":true,"href":"https:\/\/www.fundatiagusa.ro\/en\/wp-json\/wp\/v2\/comments?post=11139"}],"version-history":[{"count":16,"href":"https:\/\/www.fundatiagusa.ro\/en\/wp-json\/wp\/v2\/posts\/11139\/revisions"}],"predecessor-version":[{"id":11156,"href":"https:\/\/www.fundatiagusa.ro\/en\/wp-json\/wp\/v2\/posts\/11139\/revisions\/11156"}],"wp:attachment":[{"href":"https:\/\/www.fundatiagusa.ro\/en\/wp-json\/wp\/v2\/media?parent=11139"}],"wp:term":[{"taxonomy":"category","embeddable":true,"href":"https:\/\/www.fundatiagusa.ro\/en\/wp-json\/wp\/v2\/categories?post=11139"},{"taxonomy":"post_tag","embeddable":true,"href":"https:\/\/www.fundatiagusa.ro\/en\/wp-json\/wp\/v2\/tags?post=11139"}],"curies":[{"name":"wp","href":"https:\/\/api.w.org\/{rel}","templated":true}]}}