{"id":11157,"date":"2023-06-26T10:20:09","date_gmt":"2023-06-26T10:20:09","guid":{"rendered":"https:\/\/www.fundatiagusa.ro\/programe-activitati-2018\/"},"modified":"2026-04-27T07:28:36","modified_gmt":"2026-04-27T07:28:36","slug":"programe-activitati-2018","status":"publish","type":"post","link":"https:\/\/www.fundatiagusa.ro\/en\/programe-activitati-2018\/","title":{"rendered":"Programs &amp; Activities 2018"},"content":{"rendered":"\t\t<div data-elementor-type=\"wp-post\" data-elementor-id=\"11157\" class=\"elementor elementor-11157 elementor-5886\">\n\t\t\t\t\t\t<section class=\"elementor-section elementor-top-section elementor-element elementor-element-4f9c093 elementor-section-boxed elementor-section-height-default elementor-section-height-default\" data-id=\"4f9c093\" data-element_type=\"section\">\n\t\t\t\t\t\t<div class=\"elementor-container elementor-column-gap-default\">\n\t\t\t\t\t<div class=\"elementor-column elementor-col-100 elementor-top-column elementor-element elementor-element-1fe3e31\" data-id=\"1fe3e31\" data-element_type=\"column\">\n\t\t\t<div class=\"elementor-widget-wrap elementor-element-populated\">\n\t\t\t\t\t\t<div class=\"elementor-element elementor-element-d073fa7 elementor-widget elementor-widget-heading\" data-id=\"d073fa7\" data-element_type=\"widget\" data-widget_type=\"heading.default\">\n\t\t\t\t<div class=\"elementor-widget-container\">\n\t\t\t<style>\/*! elementor - v3.19.0 - 26-02-2024 *\/\n.elementor-heading-title{padding:0;margin:0;line-height:1}.elementor-widget-heading .elementor-heading-title[class*=elementor-size-]>a{color:inherit;font-size:inherit;line-height:inherit}.elementor-widget-heading .elementor-heading-title.elementor-size-small{font-size:15px}.elementor-widget-heading .elementor-heading-title.elementor-size-medium{font-size:19px}.elementor-widget-heading .elementor-heading-title.elementor-size-large{font-size:29px}.elementor-widget-heading .elementor-heading-title.elementor-size-xl{font-size:39px}.elementor-widget-heading .elementor-heading-title.elementor-size-xxl{font-size:59px}<\/style><h4 class=\"elementor-heading-title elementor-size-default\"><a href=\"#\">Program<\/a><\/h4>\t\t<\/div>\n\t\t\t\t<\/div>\n\t\t\t\t<div class=\"elementor-element elementor-element-1bbea3d elementor-widget elementor-widget-text-editor\" data-id=\"1bbea3d\" data-element_type=\"widget\" data-widget_type=\"text-editor.default\">\n\t\t\t\t<div class=\"elementor-widget-container\">\n\t\t\t<style>\/*! elementor - v3.19.0 - 26-02-2024 *\/\n.elementor-widget-text-editor.elementor-drop-cap-view-stacked .elementor-drop-cap{background-color:#69727d;color:#fff}.elementor-widget-text-editor.elementor-drop-cap-view-framed .elementor-drop-cap{color:#69727d;border:3px solid;background-color:transparent}.elementor-widget-text-editor:not(.elementor-drop-cap-view-default) .elementor-drop-cap{margin-top:8px}.elementor-widget-text-editor:not(.elementor-drop-cap-view-default) .elementor-drop-cap-letter{width:1em;height:1em}.elementor-widget-text-editor .elementor-drop-cap{float:left;text-align:center;line-height:1;font-size:50px}.elementor-widget-text-editor .elementor-drop-cap-letter{display:inline-block}<\/style>\t\t\t\t<p style=\"text-align: center;\"><strong>ACTIVITY PLAN 2018<\/strong><br \/><strong>\u201cGeneral \u015etefan Gu\u015f\u0103\u201d Foundation.<\/strong><\/p><p><strong>I. Scholarships and prizes:<\/strong><\/p><p>a. Assignment of monthly scholarships between October 2017 and June 2018 for:<\/p><p style=\"padding-left: 40px;\">3 squad leaders and students of the non-commissioned officers school<br \/>3 dropouts of the military academies (land, air, naval)<br \/>1 student Military Technical Academy.<\/p><p>b. Trip to Italy for eight Military High School students and one accompanying teaching staff member<\/p><p>c. The awarding of the \u201cGeneral \u015etefan Gu\u015f\u0103 Foundation\u201d prizes to the graduates who are heads of promotion of:<\/p><p style=\"padding-left: 40px;\">Military Technical Academy, Land Forces Academies \u201cNicolae B\u0103lcescu\u201d Sibiu;<br \/>Naval Forces \u201cMircea the Old Man\u201d Constanta;<br \/>Air Force \u201cHenri Coand\u0103\u201d Bra\u015fov<br \/>Military Schools of Squad Leaders and Non-Commissioned Officers:<\/p><p style=\"padding-left: 40px;\">of the Land Forces, \u201cBasarab I\u201d \u2013 Pitesti;<br \/>of the Air Force, \u201cTraian Vuia\u201d \u2013 Matricola,<br \/>of the Naval Forces, \u201cAdmiral Murgescu\u201d \u2013 Constanza.<\/p><p>d. Assignment of the Foundation Prizes on the occasion of the autumn and summer Military Sports Games<\/p><p>e. The Prize for scientific research in the field of national defence<\/p><p>f. The special prize of the General \u015etefan Gusa Foundation for the historical contest: \u201cNational Day of the centenary\u201d in collaboration with the 2nd Division, Second Army.<\/p><p>g. Support to the cultural-educational project \u201cLet us preserve the tradition of the Romanian people \u2013 Coronita folklore group \u2013 Spataru School\u201d<\/p><p><strong>II. Charity actions<\/strong><\/p><p>December 22, 2018 \u2022 Gift packages of the Spataru School for children<\/p><p><strong>III. Ceremonies:<\/strong><\/p><p>October 25, 2018 \u2013 Army Day: Laying of a wreath at the Tomb of the Unknown Soldier<br \/>May 21, 2018 \u2013 Ascension of the Lord \u2013 Heroes\u2019 Day, military and religious ceremony in the church of the village of Sp\u0103taru<br \/>December 22, 2018 \u2013 Anniversary of the events of December 1989. Military and religious ceremony<\/p>\t\t\t\t\t\t<\/div>\n\t\t\t\t<\/div>\n\t\t\t\t<div class=\"elementor-element elementor-element-33dc509 elementor-widget elementor-widget-heading\" data-id=\"33dc509\" data-element_type=\"widget\" data-widget_type=\"heading.default\">\n\t\t\t\t<div class=\"elementor-widget-container\">\n\t\t\t<h4 class=\"elementor-heading-title elementor-size-default\"><a href=\"#\">Activities<\/a><\/h4>\t\t<\/div>\n\t\t\t\t<\/div>\n\t\t\t\t<div class=\"elementor-element elementor-element-a9d85f9 elementor-widget elementor-widget-text-editor\" data-id=\"a9d85f9\" data-element_type=\"widget\" data-widget_type=\"text-editor.default\">\n\t\t\t\t<div class=\"elementor-widget-container\">\n\t\t\t\t\t\t\t<p><strong>February 10, 2018<\/strong> \u2013 Saturday, February 10, 2018, the Ministry of National Defence organized in Vatra Dornei the award ceremony of the Military Ski Championship for training units, held from February 5 to 10, 2018.<\/p>\t\t\t\t\t\t<\/div>\n\t\t\t\t<\/div>\n\t\t\t\t\t<\/div>\n\t\t<\/div>\n\t\t\t\t\t<\/div>\n\t\t<\/section>\n\t\t\t\t<section class=\"elementor-section elementor-top-section elementor-element elementor-element-2576614 elementor-section-boxed elementor-section-height-default elementor-section-height-default\" data-id=\"2576614\" data-element_type=\"section\">\n\t\t\t\t\t\t<div class=\"elementor-container elementor-column-gap-default\">\n\t\t\t\t\t<div class=\"elementor-column elementor-col-100 elementor-top-column elementor-element elementor-element-5598fe1\" data-id=\"5598fe1\" data-element_type=\"column\">\n\t\t\t<div class=\"elementor-widget-wrap elementor-element-populated\">\n\t\t\t\t\t\t<div class=\"elementor-element elementor-element-84015de elementor-widget elementor-widget-toggle\" data-id=\"84015de\" data-element_type=\"widget\" data-widget_type=\"toggle.default\">\n\t\t\t\t<div class=\"elementor-widget-container\">\n\t\t\t<style>\/*! elementor - v3.19.0 - 26-02-2024 *\/\n.elementor-toggle{text-align:left}.elementor-toggle .elementor-tab-title{font-weight:700;line-height:1;margin:0;padding:15px;border-bottom:1px solid #d5d8dc;cursor:pointer;outline:none}.elementor-toggle .elementor-tab-title .elementor-toggle-icon{display:inline-block;width:1em}.elementor-toggle .elementor-tab-title .elementor-toggle-icon svg{margin-inline-start:-5px;width:1em;height:1em}.elementor-toggle .elementor-tab-title .elementor-toggle-icon.elementor-toggle-icon-right{float:right;text-align:right}.elementor-toggle .elementor-tab-title .elementor-toggle-icon.elementor-toggle-icon-left{float:left;text-align:left}.elementor-toggle .elementor-tab-title .elementor-toggle-icon .elementor-toggle-icon-closed{display:block}.elementor-toggle .elementor-tab-title .elementor-toggle-icon .elementor-toggle-icon-opened{display:none}.elementor-toggle .elementor-tab-title.elementor-active{border-bottom:none}.elementor-toggle .elementor-tab-title.elementor-active .elementor-toggle-icon-closed{display:none}.elementor-toggle .elementor-tab-title.elementor-active .elementor-toggle-icon-opened{display:block}.elementor-toggle .elementor-tab-content{padding:15px;border-bottom:1px solid #d5d8dc;display:none}@media (max-width:767px){.elementor-toggle .elementor-tab-title{padding:12px}.elementor-toggle .elementor-tab-content{padding:12px 10px}}.e-con-inner>.elementor-widget-toggle,.e-con>.elementor-widget-toggle{width:var(--container-widget-width);--flex-grow:var(--container-widget-flex-grow)}<\/style>\t\t<div class=\"elementor-toggle\">\n\t\t\t\t\t\t\t<div class=\"elementor-toggle-item\">\n\t\t\t\t\t<div id=\"elementor-tab-title-1381\" class=\"elementor-tab-title\" data-tab=\"1\" role=\"button\" aria-controls=\"elementor-tab-content-1381\" aria-expanded=\"false\">\n\t\t\t\t\t\t\t\t\t\t\t\t<span class=\"elementor-toggle-icon elementor-toggle-icon-left\" aria-hidden=\"true\">\n\t\t\t\t\t\t\t\t\t\t\t\t\t\t\t<span class=\"elementor-toggle-icon-closed\"><i class=\"fas fa-caret-right\"><\/i><\/span>\n\t\t\t\t\t\t\t\t<span class=\"elementor-toggle-icon-opened\"><i class=\"elementor-toggle-icon-opened fas fa-caret-up\"><\/i><\/span>\n\t\t\t\t\t\t\t\t\t\t\t\t\t<\/span>\n\t\t\t\t\t\t\t\t\t\t\t\t<a class=\"elementor-toggle-title\" tabindex=\"0\">discover the event<\/a>\n\t\t\t\t\t<\/div>\n\n\t\t\t\t\t<div id=\"elementor-tab-content-1381\" class=\"elementor-tab-content elementor-clearfix\" data-tab=\"1\" role=\"region\" aria-labelledby=\"elementor-tab-title-1381\"><p style=\"text-align: center;\"><strong>Winter Games 2018<\/strong><\/p><p>Saturday, February 10, 2018, the Ministry of National Defence organized in Vatra Dornei the award ceremony of the Military Ski Championship for training units, held from February 5 to 10, 2018.<\/p><p>On this occasion there were delivered the Diplomas and the Prizes of the \u201cGeneral \u015etefan Gu\u015f\u0103\u201d Foundation, awarded to the athletes ranked in the first three places in the competition events:<\/p><p>\u2013 First classified, Plt RUSU Emanuel<br \/>\u2013 Second classified, corporal FRANCISCO Ion,<br \/>\u2013 Third classified, Slt LILIAC Dragos.<\/p><p><img fetchpriority=\"high\" decoding=\"async\" class=\"aligncenter wp-image-5891 size-full\" src=\"https:\/\/www.fundatiagusa.ro\/wp-content\/uploads\/2023\/06\/Imagine-diplome.jpg\" alt=\"\" width=\"800\" height=\"600\" srcset=\"https:\/\/www.fundatiagusa.ro\/wp-content\/uploads\/2023\/06\/Imagine-diplome.jpg 800w, https:\/\/www.fundatiagusa.ro\/wp-content\/uploads\/2023\/06\/Imagine-diplome-300x225.jpg 300w, https:\/\/www.fundatiagusa.ro\/wp-content\/uploads\/2023\/06\/Imagine-diplome-768x576.jpg 768w\" sizes=\"(max-width: 800px) 100vw, 800px\" \/><\/p><\/div>\n\t\t\t\t<\/div>\n\t\t\t\t\t\t\t\t<\/div>\n\t\t\t\t<\/div>\n\t\t\t\t<\/div>\n\t\t\t\t\t<\/div>\n\t\t<\/div>\n\t\t\t\t\t<\/div>\n\t\t<\/section>\n\t\t\t\t<section class=\"elementor-section elementor-top-section elementor-element elementor-element-c00709d elementor-section-boxed elementor-section-height-default elementor-section-height-default\" data-id=\"c00709d\" data-element_type=\"section\">\n\t\t\t\t\t\t<div class=\"elementor-container elementor-column-gap-default\">\n\t\t\t\t\t<div class=\"elementor-column elementor-col-100 elementor-top-column elementor-element elementor-element-08ffaa7\" data-id=\"08ffaa7\" data-element_type=\"column\">\n\t\t\t<div class=\"elementor-widget-wrap elementor-element-populated\">\n\t\t\t\t\t\t<div class=\"elementor-element elementor-element-4aff279 elementor-widget elementor-widget-text-editor\" data-id=\"4aff279\" data-element_type=\"widget\" data-widget_type=\"text-editor.default\">\n\t\t\t\t<div class=\"elementor-widget-container\">\n\t\t\t\t\t\t\t<p><strong>May 17, 2018<\/strong> \u2013 On the occasion of Ascension Day \u2013 Heroes\u2019 Day, the \u201cGeneral Stefan Gusa\u201d Foundation laid wreaths of flowers at the monument of General Stefan Gusa\u2026<\/p>\t\t\t\t\t\t<\/div>\n\t\t\t\t<\/div>\n\t\t\t\t\t<\/div>\n\t\t<\/div>\n\t\t\t\t\t<\/div>\n\t\t<\/section>\n\t\t\t\t<section class=\"elementor-section elementor-top-section elementor-element elementor-element-485e177 elementor-section-boxed elementor-section-height-default elementor-section-height-default\" data-id=\"485e177\" data-element_type=\"section\">\n\t\t\t\t\t\t<div class=\"elementor-container elementor-column-gap-default\">\n\t\t\t\t\t<div class=\"elementor-column elementor-col-100 elementor-top-column elementor-element elementor-element-f220a76\" data-id=\"f220a76\" data-element_type=\"column\">\n\t\t\t<div class=\"elementor-widget-wrap elementor-element-populated\">\n\t\t\t\t\t\t<div class=\"elementor-element elementor-element-8d46b63 elementor-widget elementor-widget-toggle\" data-id=\"8d46b63\" data-element_type=\"widget\" data-widget_type=\"toggle.default\">\n\t\t\t\t<div class=\"elementor-widget-container\">\n\t\t\t\t\t<div class=\"elementor-toggle\">\n\t\t\t\t\t\t\t<div class=\"elementor-toggle-item\">\n\t\t\t\t\t<div id=\"elementor-tab-title-1481\" class=\"elementor-tab-title\" data-tab=\"1\" role=\"button\" aria-controls=\"elementor-tab-content-1481\" aria-expanded=\"false\">\n\t\t\t\t\t\t\t\t\t\t\t\t<span class=\"elementor-toggle-icon elementor-toggle-icon-left\" aria-hidden=\"true\">\n\t\t\t\t\t\t\t\t\t\t\t\t\t\t\t<span class=\"elementor-toggle-icon-closed\"><i class=\"fas fa-caret-right\"><\/i><\/span>\n\t\t\t\t\t\t\t\t<span class=\"elementor-toggle-icon-opened\"><i class=\"elementor-toggle-icon-opened fas fa-caret-up\"><\/i><\/span>\n\t\t\t\t\t\t\t\t\t\t\t\t\t<\/span>\n\t\t\t\t\t\t\t\t\t\t\t\t<a class=\"elementor-toggle-title\" tabindex=\"0\">discover the event<\/a>\n\t\t\t\t\t<\/div>\n\n\t\t\t\t\t<div id=\"elementor-tab-content-1481\" class=\"elementor-tab-content elementor-clearfix\" data-tab=\"1\" role=\"region\" aria-labelledby=\"elementor-tab-title-1481\"><p style=\"text-align: center;\"><strong>Ascension Day 2018<\/strong><\/p><p>On the occasion of Ascension Day \u2013 Heroes\u2019 Day, the \u201cGeneral \u015etefan Gu\u015f\u0103\u201d Foundation laid wreaths of flowers at the monument of General \u015etefan Gu\u015f\u0103 and at the monument of the Heroes of the village, at the church of the village of Sp\u0103taru, founded by general Stefan Gusa. At the celebration also participated the Coronita ensemble, supported by the General Stefan Gusa Foundation, which laid a wreath and presented an artistic moment.<\/p><div id='gallery-1' class='gallery galleryid-11157 gallery-columns-2 gallery-size-medium'><figure class='gallery-item'>\n\t\t\t<div class='gallery-icon landscape'>\n\t\t\t\t<a href='https:\/\/www.fundatiagusa.ro\/wp-content\/uploads\/2023\/06\/Imagine-2-1.jpg'><img decoding=\"async\" width=\"300\" height=\"225\" src=\"https:\/\/www.fundatiagusa.ro\/wp-content\/uploads\/2023\/06\/Imagine-2-1-300x225.jpg\" class=\"attachment-medium size-medium\" alt=\"\" srcset=\"https:\/\/www.fundatiagusa.ro\/wp-content\/uploads\/2023\/06\/Imagine-2-1-300x225.jpg 300w, https:\/\/www.fundatiagusa.ro\/wp-content\/uploads\/2023\/06\/Imagine-2-1-768x576.jpg 768w, https:\/\/www.fundatiagusa.ro\/wp-content\/uploads\/2023\/06\/Imagine-2-1.jpg 800w\" sizes=\"(max-width: 300px) 100vw, 300px\" \/><\/a>\n\t\t\t<\/div><\/figure><figure class='gallery-item'>\n\t\t\t<div class='gallery-icon portrait'>\n\t\t\t\t<a href='https:\/\/www.fundatiagusa.ro\/wp-content\/uploads\/2023\/06\/big_Imagine-1.jpg'><img decoding=\"async\" width=\"225\" height=\"300\" src=\"https:\/\/www.fundatiagusa.ro\/wp-content\/uploads\/2023\/06\/big_Imagine-1-225x300.jpg\" class=\"attachment-medium size-medium\" alt=\"\" srcset=\"https:\/\/www.fundatiagusa.ro\/wp-content\/uploads\/2023\/06\/big_Imagine-1-225x300.jpg 225w, https:\/\/www.fundatiagusa.ro\/wp-content\/uploads\/2023\/06\/big_Imagine-1.jpg 749w\" sizes=\"(max-width: 225px) 100vw, 225px\" \/><\/a>\n\t\t\t<\/div><\/figure>\n\t\t<\/div>\n<\/div>\n\t\t\t\t<\/div>\n\t\t\t\t\t\t\t\t<\/div>\n\t\t\t\t<\/div>\n\t\t\t\t<\/div>\n\t\t\t\t\t<\/div>\n\t\t<\/div>\n\t\t\t\t\t<\/div>\n\t\t<\/section>\n\t\t\t\t<section class=\"elementor-section elementor-top-section elementor-element elementor-element-5fe7e8f elementor-section-boxed elementor-section-height-default elementor-section-height-default\" data-id=\"5fe7e8f\" data-element_type=\"section\">\n\t\t\t\t\t\t<div class=\"elementor-container elementor-column-gap-default\">\n\t\t\t\t\t<div class=\"elementor-column elementor-col-100 elementor-top-column elementor-element elementor-element-e2edb67\" data-id=\"e2edb67\" data-element_type=\"column\">\n\t\t\t<div class=\"elementor-widget-wrap elementor-element-populated\">\n\t\t\t\t\t\t<div class=\"elementor-element elementor-element-9bc9dbe elementor-widget elementor-widget-text-editor\" data-id=\"9bc9dbe\" data-element_type=\"widget\" data-widget_type=\"text-editor.default\">\n\t\t\t\t<div class=\"elementor-widget-container\">\n\t\t\t\t\t\t\t<p><strong>July 13, 2018<\/strong> \u2013 In Mangalia there took place the award ceremony of the final phase organized by the Ministry of National Defence of the Summer Games\u2026<\/p>\t\t\t\t\t\t<\/div>\n\t\t\t\t<\/div>\n\t\t\t\t\t<\/div>\n\t\t<\/div>\n\t\t\t\t\t<\/div>\n\t\t<\/section>\n\t\t\t\t<section class=\"elementor-section elementor-top-section elementor-element elementor-element-fefed1b elementor-section-boxed elementor-section-height-default elementor-section-height-default\" data-id=\"fefed1b\" data-element_type=\"section\">\n\t\t\t\t\t\t<div class=\"elementor-container elementor-column-gap-default\">\n\t\t\t\t\t<div class=\"elementor-column elementor-col-100 elementor-top-column elementor-element elementor-element-f3e55f1\" data-id=\"f3e55f1\" data-element_type=\"column\">\n\t\t\t<div class=\"elementor-widget-wrap elementor-element-populated\">\n\t\t\t\t\t\t<div class=\"elementor-element elementor-element-8eda103 elementor-widget elementor-widget-toggle\" data-id=\"8eda103\" data-element_type=\"widget\" data-widget_type=\"toggle.default\">\n\t\t\t\t<div class=\"elementor-widget-container\">\n\t\t\t\t\t<div class=\"elementor-toggle\">\n\t\t\t\t\t\t\t<div class=\"elementor-toggle-item\">\n\t\t\t\t\t<div id=\"elementor-tab-title-1491\" class=\"elementor-tab-title\" data-tab=\"1\" role=\"button\" aria-controls=\"elementor-tab-content-1491\" aria-expanded=\"false\">\n\t\t\t\t\t\t\t\t\t\t\t\t<span class=\"elementor-toggle-icon elementor-toggle-icon-left\" aria-hidden=\"true\">\n\t\t\t\t\t\t\t\t\t\t\t\t\t\t\t<span class=\"elementor-toggle-icon-closed\"><i class=\"fas fa-caret-right\"><\/i><\/span>\n\t\t\t\t\t\t\t\t<span class=\"elementor-toggle-icon-opened\"><i class=\"elementor-toggle-icon-opened fas fa-caret-up\"><\/i><\/span>\n\t\t\t\t\t\t\t\t\t\t\t\t\t<\/span>\n\t\t\t\t\t\t\t\t\t\t\t\t<a class=\"elementor-toggle-title\" tabindex=\"0\">discover the event<\/a>\n\t\t\t\t\t<\/div>\n\n\t\t\t\t\t<div id=\"elementor-tab-content-1491\" class=\"elementor-tab-content elementor-clearfix\" data-tab=\"1\" role=\"region\" aria-labelledby=\"elementor-tab-title-1491\"><p>Main prizes of the promotion<\/p><p>Friday, July 13, in Mangalia, there took place the award ceremony of the final phase organized by the Ministry of National Defence of the Summer Games for the training units. On this occasion there were delivered the diplomas and the prizes of the \u201cGeneral \u015etefan Gu\u015f\u0103\u201d Foundation, awarded to the athletes ranked in the first three places in the competition events: \u2013 First classified, Plt. Inceu Andreea from the land troops; \u2013 Second classified, MM Sandu Simona of the Communications Command; \u2013 Third classified, corporal Crisnaru Alexandru of the Land Forces. Detailed information on the event is found in the weekly of the army \u201cObservatorul Militar\u201d no. 28.<\/p><p style=\"text-align: center;\"><a style=\"color: #b4a679;\" href=\"\/wp-content\/uploads\/2023\/06\/Competitii-2018.pdf\" target=\"_blank\" rel=\"noopener\">(access to the article)<\/a><\/p><\/div>\n\t\t\t\t<\/div>\n\t\t\t\t\t\t\t\t<\/div>\n\t\t\t\t<\/div>\n\t\t\t\t<\/div>\n\t\t\t\t\t<\/div>\n\t\t<\/div>\n\t\t\t\t\t<\/div>\n\t\t<\/section>\n\t\t\t\t<section class=\"elementor-section elementor-top-section elementor-element elementor-element-2ee5fe6 elementor-section-boxed elementor-section-height-default elementor-section-height-default\" data-id=\"2ee5fe6\" data-element_type=\"section\">\n\t\t\t\t\t\t<div class=\"elementor-container elementor-column-gap-default\">\n\t\t\t\t\t<div class=\"elementor-column elementor-col-100 elementor-top-column elementor-element elementor-element-786ccc5\" data-id=\"786ccc5\" data-element_type=\"column\">\n\t\t\t<div class=\"elementor-widget-wrap elementor-element-populated\">\n\t\t\t\t\t\t<div class=\"elementor-element elementor-element-2e6c3d0 elementor-widget elementor-widget-text-editor\" data-id=\"2e6c3d0\" data-element_type=\"widget\" data-widget_type=\"text-editor.default\">\n\t\t\t\t<div class=\"elementor-widget-container\">\n\t\t\t\t\t\t\t<p><strong>July 28, 2018<\/strong> \u2013 On the occasion of the graduation ceremonies, in the garrisons of residence, generals and reserve officers, former colleagues of general Stefan Gusa\u2026<\/p>\t\t\t\t\t\t<\/div>\n\t\t\t\t<\/div>\n\t\t\t\t\t<\/div>\n\t\t<\/div>\n\t\t\t\t\t<\/div>\n\t\t<\/section>\n\t\t\t\t<section class=\"elementor-section elementor-top-section elementor-element elementor-element-c4e101a elementor-section-boxed elementor-section-height-default elementor-section-height-default\" data-id=\"c4e101a\" data-element_type=\"section\">\n\t\t\t\t\t\t<div class=\"elementor-container elementor-column-gap-default\">\n\t\t\t\t\t<div class=\"elementor-column elementor-col-100 elementor-top-column elementor-element elementor-element-2d2afba\" data-id=\"2d2afba\" data-element_type=\"column\">\n\t\t\t<div class=\"elementor-widget-wrap elementor-element-populated\">\n\t\t\t\t\t\t<div class=\"elementor-element elementor-element-14c52de elementor-widget elementor-widget-toggle\" data-id=\"14c52de\" data-element_type=\"widget\" data-widget_type=\"toggle.default\">\n\t\t\t\t<div class=\"elementor-widget-container\">\n\t\t\t\t\t<div class=\"elementor-toggle\">\n\t\t\t\t\t\t\t<div class=\"elementor-toggle-item\">\n\t\t\t\t\t<div id=\"elementor-tab-title-2171\" class=\"elementor-tab-title\" data-tab=\"1\" role=\"button\" aria-controls=\"elementor-tab-content-2171\" aria-expanded=\"false\">\n\t\t\t\t\t\t\t\t\t\t\t\t<span class=\"elementor-toggle-icon elementor-toggle-icon-left\" aria-hidden=\"true\">\n\t\t\t\t\t\t\t\t\t\t\t\t\t\t\t<span class=\"elementor-toggle-icon-closed\"><i class=\"fas fa-caret-right\"><\/i><\/span>\n\t\t\t\t\t\t\t\t<span class=\"elementor-toggle-icon-opened\"><i class=\"elementor-toggle-icon-opened fas fa-caret-up\"><\/i><\/span>\n\t\t\t\t\t\t\t\t\t\t\t\t\t<\/span>\n\t\t\t\t\t\t\t\t\t\t\t\t<a class=\"elementor-toggle-title\" tabindex=\"0\">discover the event<\/a>\n\t\t\t\t\t<\/div>\n\n\t\t\t\t\t<div id=\"elementor-tab-content-2171\" class=\"elementor-tab-content elementor-clearfix\" data-tab=\"1\" role=\"region\" aria-labelledby=\"elementor-tab-title-2171\"><p style=\"text-align: center;\"><strong>Awarding of the prizes to the heads of promotion<\/strong><\/p><p>On July 28, 2018, on the occasion of the graduation ceremonies, in the residence of the garrisons, generals and reserve officers, former colleagues of General \u015etefan Gu\u015f\u0103, of the General Staffs of the Armed Forces, delivered the diplomas of excellence in the name of the \u201cGeneral \u015etefan Gu\u015f\u0103\u201d and prizes for the heads of the graduates of the \u201cCentenary of the Great Union\u201d 2018 of the military educational institutions of the Ministry of National Defence.<\/p><p>We send congratulations and success in the career of the graduates:<\/p><p>\u2013 the head of the promotion of the Military Technical Academy, Slt. Coropetchi Iulian;<\/p><p>\u2013 head of the promotion of the Land Forces Academy \u201cNicolae B\u0103lcescu\u201d, Slt Potcovaru Denisa Sorina;<\/p><p>\u2013 the head of the promotion of the Military Aeronautics Academy \u201cHenri Coand\u0103\u201d Slt Ciochina Maria Narcisa<\/p><p>\u2013 Ensign Ciprian Popa, head of promotion at the Naval Academy \u201cMircea the Old Man\u201d,<\/p><p>\u2013 Serg Dariew Cosmin Aurelian, head of the promotion of the Military School of Military Majors and Non-Commissioned Officers of the Land Forces \u201cBasarab I\u201d;<\/p><p>\u2013 Mm cls V Sabu Constantin Alexandru, head of the promotion of the Military School of the Majors and Non-Commissioned Officers of the Air Force \u201cTraian Vuia\u201d<\/p><p>\u2013 MM Cls V-a Savu Iulian Mihai, head of the promotion of the School of Military Squad Leaders of the Naval Forces \u201cAdmiral Ion Murgescu\u201d.<\/p><\/div>\n\t\t\t\t<\/div>\n\t\t\t\t\t\t\t\t<\/div>\n\t\t\t\t<\/div>\n\t\t\t\t<\/div>\n\t\t\t\t\t<\/div>\n\t\t<\/div>\n\t\t\t\t\t<\/div>\n\t\t<\/section>\n\t\t\t\t<section class=\"elementor-section elementor-top-section elementor-element elementor-element-b818dc1 elementor-section-boxed elementor-section-height-default elementor-section-height-default\" data-id=\"b818dc1\" data-element_type=\"section\">\n\t\t\t\t\t\t<div class=\"elementor-container elementor-column-gap-default\">\n\t\t\t\t\t<div class=\"elementor-column elementor-col-100 elementor-top-column elementor-element elementor-element-3627be3\" data-id=\"3627be3\" data-element_type=\"column\">\n\t\t\t<div class=\"elementor-widget-wrap elementor-element-populated\">\n\t\t\t\t\t\t<div class=\"elementor-element elementor-element-5a84ee3 elementor-widget elementor-widget-text-editor\" data-id=\"5a84ee3\" data-element_type=\"widget\" data-widget_type=\"text-editor.default\">\n\t\t\t\t<div class=\"elementor-widget-container\">\n\t\t\t\t\t\t\t<p><strong>July 2018<\/strong> \u2013 In the month of July 2018 there took place the trip organized by the Foundation for 8 students of the high schools with military profile of the country\u2026<\/p>\t\t\t\t\t\t<\/div>\n\t\t\t\t<\/div>\n\t\t\t\t\t<\/div>\n\t\t<\/div>\n\t\t\t\t\t<\/div>\n\t\t<\/section>\n\t\t\t\t<section class=\"elementor-section elementor-top-section elementor-element elementor-element-23fdc42 elementor-section-boxed elementor-section-height-default elementor-section-height-default\" data-id=\"23fdc42\" data-element_type=\"section\">\n\t\t\t\t\t\t<div class=\"elementor-container elementor-column-gap-default\">\n\t\t\t\t\t<div class=\"elementor-column elementor-col-100 elementor-top-column elementor-element elementor-element-7e72623\" data-id=\"7e72623\" data-element_type=\"column\">\n\t\t\t<div class=\"elementor-widget-wrap elementor-element-populated\">\n\t\t\t\t\t\t<div class=\"elementor-element elementor-element-7abd708 elementor-widget elementor-widget-toggle\" data-id=\"7abd708\" data-element_type=\"widget\" data-widget_type=\"toggle.default\">\n\t\t\t\t<div class=\"elementor-widget-container\">\n\t\t\t\t\t<div class=\"elementor-toggle\">\n\t\t\t\t\t\t\t<div class=\"elementor-toggle-item\">\n\t\t\t\t\t<div id=\"elementor-tab-title-1281\" class=\"elementor-tab-title\" data-tab=\"1\" role=\"button\" aria-controls=\"elementor-tab-content-1281\" aria-expanded=\"false\">\n\t\t\t\t\t\t\t\t\t\t\t\t<span class=\"elementor-toggle-icon elementor-toggle-icon-left\" aria-hidden=\"true\">\n\t\t\t\t\t\t\t\t\t\t\t\t\t\t\t<span class=\"elementor-toggle-icon-closed\"><i class=\"fas fa-caret-right\"><\/i><\/span>\n\t\t\t\t\t\t\t\t<span class=\"elementor-toggle-icon-opened\"><i class=\"elementor-toggle-icon-opened fas fa-caret-up\"><\/i><\/span>\n\t\t\t\t\t\t\t\t\t\t\t\t\t<\/span>\n\t\t\t\t\t\t\t\t\t\t\t\t<a class=\"elementor-toggle-title\" tabindex=\"0\">discover the event<\/a>\n\t\t\t\t\t<\/div>\n\n\t\t\t\t\t<div id=\"elementor-tab-content-1281\" class=\"elementor-tab-content elementor-clearfix\" data-tab=\"1\" role=\"region\" aria-labelledby=\"elementor-tab-title-1281\"><p style=\"text-align: center;\"><strong>Trip to Italy<\/strong><\/p><p>In July 2018 there took place the trip organized by the Foundation for 8 students of the high schools with military profile of the country. This year benefited from this prize: Sandu Denisa Elena, Turea Cristian Nicolae, Vlas Ioana Cezara, Stanciu Nicolae Robert, Zuzeac Marilena Ioana, Savin Georgel Madalin, Galatan Ramona Simina, Rodila Andrei Ioan. The young people, accompanied by Prof. Roman Cecilia, visited the cities of Florence, Venice, Milan.<\/p><\/div>\n\t\t\t\t<\/div>\n\t\t\t\t\t\t\t\t<\/div>\n\t\t\t\t<\/div>\n\t\t\t\t<\/div>\n\t\t\t\t\t<\/div>\n\t\t<\/div>\n\t\t\t\t\t<\/div>\n\t\t<\/section>\n\t\t\t\t<section class=\"elementor-section elementor-top-section elementor-element elementor-element-839b693 elementor-section-boxed elementor-section-height-default elementor-section-height-default\" data-id=\"839b693\" data-element_type=\"section\">\n\t\t\t\t\t\t<div class=\"elementor-container elementor-column-gap-default\">\n\t\t\t\t\t<div class=\"elementor-column elementor-col-100 elementor-top-column elementor-element elementor-element-fffe450\" data-id=\"fffe450\" data-element_type=\"column\">\n\t\t\t<div class=\"elementor-widget-wrap elementor-element-populated\">\n\t\t\t\t\t\t<div class=\"elementor-element elementor-element-c3fdda1 elementor-widget elementor-widget-text-editor\" data-id=\"c3fdda1\" data-element_type=\"widget\" data-widget_type=\"text-editor.default\">\n\t\t\t\t<div class=\"elementor-widget-container\">\n\t\t\t\t\t\t\t<p><strong>September 25, 2018<\/strong> \u2013 The \u201cGeneral Stefan Gusa\u201d Foundation awarded the Diploma of Excellence and the Prize for Scientific Research\u2026.<\/p>\t\t\t\t\t\t<\/div>\n\t\t\t\t<\/div>\n\t\t\t\t\t<\/div>\n\t\t<\/div>\n\t\t\t\t\t<\/div>\n\t\t<\/section>\n\t\t\t\t<section class=\"elementor-section elementor-top-section elementor-element elementor-element-15066d0 elementor-section-boxed elementor-section-height-default elementor-section-height-default\" data-id=\"15066d0\" data-element_type=\"section\">\n\t\t\t\t\t\t<div class=\"elementor-container elementor-column-gap-default\">\n\t\t\t\t\t<div class=\"elementor-column elementor-col-100 elementor-top-column elementor-element elementor-element-64da624\" data-id=\"64da624\" data-element_type=\"column\">\n\t\t\t<div class=\"elementor-widget-wrap elementor-element-populated\">\n\t\t\t\t\t\t<div class=\"elementor-element elementor-element-2d4454e elementor-widget elementor-widget-toggle\" data-id=\"2d4454e\" data-element_type=\"widget\" data-widget_type=\"toggle.default\">\n\t\t\t\t<div class=\"elementor-widget-container\">\n\t\t\t\t\t<div class=\"elementor-toggle\">\n\t\t\t\t\t\t\t<div class=\"elementor-toggle-item\">\n\t\t\t\t\t<div id=\"elementor-tab-title-4741\" class=\"elementor-tab-title\" data-tab=\"1\" role=\"button\" aria-controls=\"elementor-tab-content-4741\" aria-expanded=\"false\">\n\t\t\t\t\t\t\t\t\t\t\t\t<span class=\"elementor-toggle-icon elementor-toggle-icon-left\" aria-hidden=\"true\">\n\t\t\t\t\t\t\t\t\t\t\t\t\t\t\t<span class=\"elementor-toggle-icon-closed\"><i class=\"fas fa-caret-right\"><\/i><\/span>\n\t\t\t\t\t\t\t\t<span class=\"elementor-toggle-icon-opened\"><i class=\"elementor-toggle-icon-opened fas fa-caret-up\"><\/i><\/span>\n\t\t\t\t\t\t\t\t\t\t\t\t\t<\/span>\n\t\t\t\t\t\t\t\t\t\t\t\t<a class=\"elementor-toggle-title\" tabindex=\"0\">discover the event<\/a>\n\t\t\t\t\t<\/div>\n\n\t\t\t\t\t<div id=\"elementor-tab-content-4741\" class=\"elementor-tab-content elementor-clearfix\" data-tab=\"1\" role=\"region\" aria-labelledby=\"elementor-tab-title-4741\"><p style=\"text-align: center;\"><strong>Awarding of the Prize for scientific research in the field of national defence<\/strong><\/p><p>25.09.2018 \u2013 The \u201cGeneral Stefan Gusa\u201d Foundation awarded the Diploma of Excellence and the Prize for Scientific Research in the amount of 1500 lei, to the scientific researcher II, Dr. Cristina Bogzeanu, of the National Defence University \u201cCarol I\u201d.<\/p><\/div>\n\t\t\t\t<\/div>\n\t\t\t\t\t\t\t\t<\/div>\n\t\t\t\t<\/div>\n\t\t\t\t<\/div>\n\t\t\t\t\t<\/div>\n\t\t<\/div>\n\t\t\t\t\t<\/div>\n\t\t<\/section>\n\t\t\t\t<section class=\"elementor-section elementor-top-section elementor-element elementor-element-8cff297 elementor-section-boxed elementor-section-height-default elementor-section-height-default\" data-id=\"8cff297\" data-element_type=\"section\">\n\t\t\t\t\t\t<div class=\"elementor-container elementor-column-gap-default\">\n\t\t\t\t\t<div class=\"elementor-column elementor-col-100 elementor-top-column elementor-element elementor-element-50e67fc\" data-id=\"50e67fc\" data-element_type=\"column\">\n\t\t\t<div class=\"elementor-widget-wrap elementor-element-populated\">\n\t\t\t\t\t\t<div class=\"elementor-element elementor-element-53fea83 elementor-widget elementor-widget-text-editor\" data-id=\"53fea83\" data-element_type=\"widget\" data-widget_type=\"text-editor.default\">\n\t\t\t\t<div class=\"elementor-widget-container\">\n\t\t\t\t\t\t\t<p><strong>December 22, 2018<\/strong> \u2013 On December 22, 2019 there took place the military and religious ceremony at the church of Spataru, founded by general Stefan Gusa\u2026<\/p>\t\t\t\t\t\t<\/div>\n\t\t\t\t<\/div>\n\t\t\t\t\t<\/div>\n\t\t<\/div>\n\t\t\t\t\t<\/div>\n\t\t<\/section>\n\t\t\t\t<section class=\"elementor-section elementor-top-section elementor-element elementor-element-dac3a11 elementor-section-boxed elementor-section-height-default elementor-section-height-default\" data-id=\"dac3a11\" data-element_type=\"section\">\n\t\t\t\t\t\t<div class=\"elementor-container elementor-column-gap-default\">\n\t\t\t\t\t<div class=\"elementor-column elementor-col-100 elementor-top-column elementor-element elementor-element-0ec595a\" data-id=\"0ec595a\" data-element_type=\"column\">\n\t\t\t<div class=\"elementor-widget-wrap elementor-element-populated\">\n\t\t\t\t\t\t<div class=\"elementor-element elementor-element-58f77c8 elementor-widget elementor-widget-toggle\" data-id=\"58f77c8\" data-element_type=\"widget\" data-widget_type=\"toggle.default\">\n\t\t\t\t<div class=\"elementor-widget-container\">\n\t\t\t\t\t<div class=\"elementor-toggle\">\n\t\t\t\t\t\t\t<div class=\"elementor-toggle-item\">\n\t\t\t\t\t<div id=\"elementor-tab-title-9321\" class=\"elementor-tab-title\" data-tab=\"1\" role=\"button\" aria-controls=\"elementor-tab-content-9321\" aria-expanded=\"false\">\n\t\t\t\t\t\t\t\t\t\t\t\t<span class=\"elementor-toggle-icon elementor-toggle-icon-left\" aria-hidden=\"true\">\n\t\t\t\t\t\t\t\t\t\t\t\t\t\t\t<span class=\"elementor-toggle-icon-closed\"><i class=\"fas fa-caret-right\"><\/i><\/span>\n\t\t\t\t\t\t\t\t<span class=\"elementor-toggle-icon-opened\"><i class=\"elementor-toggle-icon-opened fas fa-caret-up\"><\/i><\/span>\n\t\t\t\t\t\t\t\t\t\t\t\t\t<\/span>\n\t\t\t\t\t\t\t\t\t\t\t\t<a class=\"elementor-toggle-title\" tabindex=\"0\">discover the event<\/a>\n\t\t\t\t\t<\/div>\n\n\t\t\t\t\t<div id=\"elementor-tab-content-9321\" class=\"elementor-tab-content elementor-clearfix\" data-tab=\"1\" role=\"region\" aria-labelledby=\"elementor-tab-title-9321\"><p style=\"text-align: center;\"><strong>Commemoration of the heroes of December 1989 at Spataru<\/strong><\/p><p>On December 22, 2018, in the church of Spataru, founded by general Stefan Gusa, there took place the military and religious ceremony dedicated to the anniversary of the Romanian revolution of December 1989, at which participated the Foundation, the prefect of the county, the commander of the Buzau Garrison, the general school \u201cGeneral Stefan Gusa\u201d of the village of Spataru laid wreaths of flowers. On the occasion of the winter holidays, the pupils of the General School received from the Foundation, as every year, gifts (packages with provisions, toys, sweets).<\/p><\/div>\n\t\t\t\t<\/div>\n\t\t\t\t\t\t\t\t<\/div>\n\t\t\t\t<\/div>\n\t\t\t\t<\/div>\n\t\t\t\t\t<\/div>\n\t\t<\/div>\n\t\t\t\t\t<\/div>\n\t\t<\/section>\n\t\t\t\t<\/div>\n\t\t","protected":false},"excerpt":{"rendered":"<p>Program ACTIVITY PLAN 2018\u201cGeneral \u015etefan Gu\u015f\u0103\u201d Foundation. I. Scholarships and prizes: a. Assignment of monthly scholarships between October 2017 and June 2018 for: 3 squad leaders and students of the non-commissioned officers school3 dropouts of the military academies (land, air, naval)1 student Military Technical Academy. b. Trip to Italy for eight Military High School students [&hellip;]<\/p>\n","protected":false},"author":2,"featured_media":0,"comment_status":"open","ping_status":"open","sticky":false,"template":"","format":"standard","meta":{"footnotes":""},"categories":[143],"tags":[],"class_list":["post-11157","post","type-post","status-publish","format-standard","hentry","category-activitaties-2018"],"_links":{"self":[{"href":"https:\/\/www.fundatiagusa.ro\/en\/wp-json\/wp\/v2\/posts\/11157","targetHints":{"allow":["GET"]}}],"collection":[{"href":"https:\/\/www.fundatiagusa.ro\/en\/wp-json\/wp\/v2\/posts"}],"about":[{"href":"https:\/\/www.fundatiagusa.ro\/en\/wp-json\/wp\/v2\/types\/post"}],"author":[{"embeddable":true,"href":"https:\/\/www.fundatiagusa.ro\/en\/wp-json\/wp\/v2\/users\/2"}],"replies":[{"embeddable":true,"href":"https:\/\/www.fundatiagusa.ro\/en\/wp-json\/wp\/v2\/comments?post=11157"}],"version-history":[{"count":10,"href":"https:\/\/www.fundatiagusa.ro\/en\/wp-json\/wp\/v2\/posts\/11157\/revisions"}],"predecessor-version":[{"id":11167,"href":"https:\/\/www.fundatiagusa.ro\/en\/wp-json\/wp\/v2\/posts\/11157\/revisions\/11167"}],"wp:attachment":[{"href":"https:\/\/www.fundatiagusa.ro\/en\/wp-json\/wp\/v2\/media?parent=11157"}],"wp:term":[{"taxonomy":"category","embeddable":true,"href":"https:\/\/www.fundatiagusa.ro\/en\/wp-json\/wp\/v2\/categories?post=11157"},{"taxonomy":"post_tag","embeddable":true,"href":"https:\/\/www.fundatiagusa.ro\/en\/wp-json\/wp\/v2\/tags?post=11157"}],"curies":[{"name":"wp","href":"https:\/\/api.w.org\/{rel}","templated":true}]}}