{"id":11256,"date":"2023-06-24T10:12:36","date_gmt":"2023-06-24T10:12:36","guid":{"rendered":"https:\/\/www.fundatiagusa.ro\/programe-activitati-2013\/"},"modified":"2026-04-27T10:50:16","modified_gmt":"2026-04-27T10:50:16","slug":"programe-activitati-2013","status":"publish","type":"post","link":"https:\/\/www.fundatiagusa.ro\/en\/programe-activitati-2013\/","title":{"rendered":"Programs &amp; Activities 2013"},"content":{"rendered":"\t\t<div data-elementor-type=\"wp-post\" data-elementor-id=\"11256\" class=\"elementor elementor-11256 elementor-5274\">\n\t\t\t\t\t\t<section class=\"elementor-section elementor-top-section elementor-element elementor-element-4f9c093 elementor-section-boxed elementor-section-height-default elementor-section-height-default\" data-id=\"4f9c093\" data-element_type=\"section\">\n\t\t\t\t\t\t<div class=\"elementor-container elementor-column-gap-default\">\n\t\t\t\t\t<div class=\"elementor-column elementor-col-100 elementor-top-column elementor-element elementor-element-1fe3e31\" data-id=\"1fe3e31\" data-element_type=\"column\">\n\t\t\t<div class=\"elementor-widget-wrap elementor-element-populated\">\n\t\t\t\t\t\t<div class=\"elementor-element elementor-element-d073fa7 elementor-widget elementor-widget-heading\" data-id=\"d073fa7\" data-element_type=\"widget\" data-widget_type=\"heading.default\">\n\t\t\t\t<div class=\"elementor-widget-container\">\n\t\t\t<style>\/*! elementor - v3.19.0 - 26-02-2024 *\/\n.elementor-heading-title{padding:0;margin:0;line-height:1}.elementor-widget-heading .elementor-heading-title[class*=elementor-size-]>a{color:inherit;font-size:inherit;line-height:inherit}.elementor-widget-heading .elementor-heading-title.elementor-size-small{font-size:15px}.elementor-widget-heading .elementor-heading-title.elementor-size-medium{font-size:19px}.elementor-widget-heading .elementor-heading-title.elementor-size-large{font-size:29px}.elementor-widget-heading .elementor-heading-title.elementor-size-xl{font-size:39px}.elementor-widget-heading .elementor-heading-title.elementor-size-xxl{font-size:59px}<\/style><h4 class=\"elementor-heading-title elementor-size-default\"><a href=\"#\">Program<\/a><\/h4>\t\t<\/div>\n\t\t\t\t<\/div>\n\t\t\t\t<div class=\"elementor-element elementor-element-1bbea3d elementor-widget elementor-widget-text-editor\" data-id=\"1bbea3d\" data-element_type=\"widget\" data-widget_type=\"text-editor.default\">\n\t\t\t\t<div class=\"elementor-widget-container\">\n\t\t\t<style>\/*! elementor - v3.19.0 - 26-02-2024 *\/\n.elementor-widget-text-editor.elementor-drop-cap-view-stacked .elementor-drop-cap{background-color:#69727d;color:#fff}.elementor-widget-text-editor.elementor-drop-cap-view-framed .elementor-drop-cap{color:#69727d;border:3px solid;background-color:transparent}.elementor-widget-text-editor:not(.elementor-drop-cap-view-default) .elementor-drop-cap{margin-top:8px}.elementor-widget-text-editor:not(.elementor-drop-cap-view-default) .elementor-drop-cap-letter{width:1em;height:1em}.elementor-widget-text-editor .elementor-drop-cap{float:left;text-align:center;line-height:1;font-size:50px}.elementor-widget-text-editor .elementor-drop-cap-letter{display:inline-block}<\/style>\t\t\t\t<p><strong>First quarter<\/strong><br \/>October 25, 2012 \u2013 Army Day: Laying of a wreath at the Tomb of the Unknown Soldier<\/p><p>May\/June 2013 \u2013 Ascension of the Lord \u2013 Heroes\u2019 Day, military and religious ceremony at the Foundation in the village of Spataru (laying of wreaths, commemorative packages)<\/p><p><strong>Second quarter<\/strong><br \/>15.01.2013 \u2013 15.04.2013 \u2013 Payment of 10 monthly scholarships (subsistence), 9 months per year (October-June) to 3 military high school students, 3 students of the non-commissioned officers school, 3 students of the military academies (land, air, naval) ) and student of the Military Technical Academy.<\/p><p>1-10 May 2013 \u2013 Donation of the first books to the authors referred to the Communication Session of the students of the Faculties of Social and Human Sciences of the University of Pitesti.<\/p><p>23 \u2013 28 June 2013 \u2013 Special trip \u201cFG\u015eG\u201d, trip abroad (Italy) one student each from the 3 Military High Schools with the accompanying Italian teacher (3+1 persons)<\/p><p>16-31 July 2013 \u2013 Delivery of the Diplomas and prizes of the \u201cGeneral \u015etefan Gu\u015f\u0103 Foundation\u201d to the graduates of the National Defence University \u201cCarol I\u201d, of the Military Technical Academy, of the Land Forces Academy \u201cNicolae B\u0103lcescu\u201d, Sibiu; Naval Forces \u201cMircea the Old Man\u201d Constanta; of the Air Force \u201cHenri Coand\u0103\u201d Bra\u015fov and of the Military Schools of Squad Leaders and Non-Commissioned Officers: of the Land Forces, \u201cBasarab I\u201d \u2013 Pitesti; of the Air Force \u201cTraian Vuia\u201d \u2013 Boboc, of the Naval Force \u201cAmiral Murgescu\u201d \u2013 Constanta.<\/p><p>February \u2013 July 2013 \u2013 Two special prizes of the Foundation, one each for the military athlete with the best performances at the Army Winter Games and the Army Summer Games.<\/p><p>20 September 2013 \u2013 Prize and Diploma of Excellence of the Foundation for the best scientific research article in the field of National Security and Defence, of a university lecturer from the National Defence University \u201cCarol I\u201d<\/p><p>1-2 December 2013 \u2013 Donation of fiction and history books for the history competition of the pupils and students of Buz\u0103u county organized by the National Day.<\/p><p>1-5 December 2013 \u2013 Donation of books for the first authors within the Communication Session of the students of the Faculties of History organized by the University of Pitesti.<\/p><p><strong>Third quarter<\/strong><br \/>6 December 2013 \u2013 delivery of the Diplomas of Excellence and of the \u201cGeneral \u015etefan Gu\u015f\u0103\u201d Prizes to the graduates of the Land Forces Academy \u201cNicolae B\u0103lcescu\u201d of Sibiu and of the Training School for Combat Units \u201cMihai Viteazul\u201d of Pitesti;<\/p><p>6 December 2013 \u2013 Donation of foodstuffs, sweets, maintenance materials, provisions, Assoc. Saint Archdeacon \u015etefan, Parish of Ghencea<\/p>\t\t\t\t\t\t<\/div>\n\t\t\t\t<\/div>\n\t\t\t\t<div class=\"elementor-element elementor-element-33dc509 elementor-widget elementor-widget-heading\" data-id=\"33dc509\" data-element_type=\"widget\" data-widget_type=\"heading.default\">\n\t\t\t\t<div class=\"elementor-widget-container\">\n\t\t\t<h4 class=\"elementor-heading-title elementor-size-default\"><a href=\"#\">Activities<\/a><\/h4>\t\t<\/div>\n\t\t\t\t<\/div>\n\t\t\t\t<div class=\"elementor-element elementor-element-a9d85f9 elementor-widget elementor-widget-text-editor\" data-id=\"a9d85f9\" data-element_type=\"widget\" data-widget_type=\"text-editor.default\">\n\t\t\t\t<div class=\"elementor-widget-container\">\n\t\t\t\t\t\t\t<p><strong>25 \u2013 28 February 2013<\/strong> \u2013 Between February 25 and 28, 2013, the second tranche of the 10 scholarships granted by the \u201cGeneral Stefan Gusa\u201d Foundation to students coming from the Military Educational Institutions was paid.<\/p><p><strong>3 March 2013<\/strong> \u2013 Sunday, March 3, 2013, in the city of Bistrita, the closing ceremony of the phase of the winter sports and applied military competitions of the Ministry of National Defence for the training units took place. access for the event<\/p>\t\t\t\t\t\t<\/div>\n\t\t\t\t<\/div>\n\t\t\t\t\t<\/div>\n\t\t<\/div>\n\t\t\t\t\t<\/div>\n\t\t<\/section>\n\t\t\t\t<section class=\"elementor-section elementor-top-section elementor-element elementor-element-2576614 elementor-section-boxed elementor-section-height-default elementor-section-height-default\" data-id=\"2576614\" data-element_type=\"section\">\n\t\t\t\t\t\t<div class=\"elementor-container elementor-column-gap-default\">\n\t\t\t\t\t<div class=\"elementor-column elementor-col-100 elementor-top-column elementor-element elementor-element-5598fe1\" data-id=\"5598fe1\" data-element_type=\"column\">\n\t\t\t<div class=\"elementor-widget-wrap elementor-element-populated\">\n\t\t\t\t\t\t<div class=\"elementor-element elementor-element-84015de elementor-widget elementor-widget-toggle\" data-id=\"84015de\" data-element_type=\"widget\" data-widget_type=\"toggle.default\">\n\t\t\t\t<div class=\"elementor-widget-container\">\n\t\t\t<style>\/*! elementor - v3.19.0 - 26-02-2024 *\/\n.elementor-toggle{text-align:left}.elementor-toggle .elementor-tab-title{font-weight:700;line-height:1;margin:0;padding:15px;border-bottom:1px solid #d5d8dc;cursor:pointer;outline:none}.elementor-toggle .elementor-tab-title .elementor-toggle-icon{display:inline-block;width:1em}.elementor-toggle .elementor-tab-title .elementor-toggle-icon svg{margin-inline-start:-5px;width:1em;height:1em}.elementor-toggle .elementor-tab-title .elementor-toggle-icon.elementor-toggle-icon-right{float:right;text-align:right}.elementor-toggle .elementor-tab-title .elementor-toggle-icon.elementor-toggle-icon-left{float:left;text-align:left}.elementor-toggle .elementor-tab-title .elementor-toggle-icon .elementor-toggle-icon-closed{display:block}.elementor-toggle .elementor-tab-title .elementor-toggle-icon .elementor-toggle-icon-opened{display:none}.elementor-toggle .elementor-tab-title.elementor-active{border-bottom:none}.elementor-toggle .elementor-tab-title.elementor-active .elementor-toggle-icon-closed{display:none}.elementor-toggle .elementor-tab-title.elementor-active .elementor-toggle-icon-opened{display:block}.elementor-toggle .elementor-tab-content{padding:15px;border-bottom:1px solid #d5d8dc;display:none}@media (max-width:767px){.elementor-toggle .elementor-tab-title{padding:12px}.elementor-toggle .elementor-tab-content{padding:12px 10px}}.e-con-inner>.elementor-widget-toggle,.e-con>.elementor-widget-toggle{width:var(--container-widget-width);--flex-grow:var(--container-widget-flex-grow)}<\/style>\t\t<div class=\"elementor-toggle\">\n\t\t\t\t\t\t\t<div class=\"elementor-toggle-item\">\n\t\t\t\t\t<div id=\"elementor-tab-title-1381\" class=\"elementor-tab-title\" data-tab=\"1\" role=\"button\" aria-controls=\"elementor-tab-content-1381\" aria-expanded=\"false\">\n\t\t\t\t\t\t\t\t\t\t\t\t<span class=\"elementor-toggle-icon elementor-toggle-icon-left\" aria-hidden=\"true\">\n\t\t\t\t\t\t\t\t\t\t\t\t\t\t\t<span class=\"elementor-toggle-icon-closed\"><i class=\"fas fa-caret-right\"><\/i><\/span>\n\t\t\t\t\t\t\t\t<span class=\"elementor-toggle-icon-opened\"><i class=\"elementor-toggle-icon-opened fas fa-caret-up\"><\/i><\/span>\n\t\t\t\t\t\t\t\t\t\t\t\t\t<\/span>\n\t\t\t\t\t\t\t\t\t\t\t\t<a class=\"elementor-toggle-title\" tabindex=\"0\">Discover the event<\/a>\n\t\t\t\t\t<\/div>\n\n\t\t\t\t\t<div id=\"elementor-tab-content-1381\" class=\"elementor-tab-content elementor-clearfix\" data-tab=\"1\" role=\"region\" aria-labelledby=\"elementor-tab-title-1381\"><p style=\"text-align: center;\"><strong>Applied sports and military winter competitions<\/strong><\/p><p>Sunday, March 3, 2013, in the city of Bistrita, the closing ceremony of the winter sports and applied military competitions of the Ministry of National Defence for the training units took place. On this occasion the Diplomas and the Prizes of the \u201cGeneral Stefan Gusa\u201d Foundation, in the amount of 1500 lei, were delivered to the athletes ranked in first place in the three competitions: Corporal Denis SERBAN; Corporal Marius Costiug and corporal Ioan Hagiu.<\/p><p><img fetchpriority=\"high\" decoding=\"async\" class=\"size-medium wp-image-5279 aligncenter\" src=\"https:\/\/www.fundatiagusa.ro\/wp-content\/uploads\/2023\/06\/Obs-Militar-2013-247x300.jpg\" alt=\"\" width=\"247\" height=\"300\" srcset=\"https:\/\/www.fundatiagusa.ro\/wp-content\/uploads\/2023\/06\/Obs-Militar-2013-247x300.jpg 247w, https:\/\/www.fundatiagusa.ro\/wp-content\/uploads\/2023\/06\/Obs-Militar-2013.jpg 400w\" sizes=\"(max-width: 247px) 100vw, 247px\" \/><\/p><\/div>\n\t\t\t\t<\/div>\n\t\t\t\t\t\t\t\t<\/div>\n\t\t\t\t<\/div>\n\t\t\t\t<\/div>\n\t\t\t\t\t<\/div>\n\t\t<\/div>\n\t\t\t\t\t<\/div>\n\t\t<\/section>\n\t\t\t\t<section class=\"elementor-section elementor-top-section elementor-element elementor-element-c00709d elementor-section-boxed elementor-section-height-default elementor-section-height-default\" data-id=\"c00709d\" data-element_type=\"section\">\n\t\t\t\t\t\t<div class=\"elementor-container elementor-column-gap-default\">\n\t\t\t\t\t<div class=\"elementor-column elementor-col-100 elementor-top-column elementor-element elementor-element-08ffaa7\" data-id=\"08ffaa7\" data-element_type=\"column\">\n\t\t\t<div class=\"elementor-widget-wrap elementor-element-populated\">\n\t\t\t\t\t\t<div class=\"elementor-element elementor-element-4aff279 elementor-widget elementor-widget-text-editor\" data-id=\"4aff279\" data-element_type=\"widget\" data-widget_type=\"text-editor.default\">\n\t\t\t\t<div class=\"elementor-widget-container\">\n\t\t\t\t\t\t\t<p><strong>23 \u2013 26 April 2013<\/strong> \u2013 Between April 23 and 26, 2013, the third instalment of the 10 scholarships granted by the \u201cGeneral \u015etefan Gu\u015f\u0103\u201d Foundation to the students of the military education institutions was paid.<\/p><p><strong>13 June 2013<\/strong> \u2013 Thursday, June 13, 2013, on the occasion of Ascension Day \u2013 Heroes\u2019 Day, the \u201cGeneral \u015etefan Gu\u015f\u0103\u201d Foundation, in collaboration with the military garrison of Buz\u0103u \u2013 Command of the 2nd infantry division \u201cGetica\u201d, organized a military and religious ceremony with the guard and the military band, with the laying of wreaths at the monument and the tomb of general \u015etefan Gu\u015f\u0103 situated in the courtyard of the church founded in the village Spataru, commune of Coste\u015fti.<\/p>\t\t\t\t\t\t<\/div>\n\t\t\t\t<\/div>\n\t\t\t\t\t<\/div>\n\t\t<\/div>\n\t\t\t\t\t<\/div>\n\t\t<\/section>\n\t\t\t\t<section class=\"elementor-section elementor-top-section elementor-element elementor-element-485e177 elementor-section-boxed elementor-section-height-default elementor-section-height-default\" data-id=\"485e177\" data-element_type=\"section\">\n\t\t\t\t\t\t<div class=\"elementor-container elementor-column-gap-default\">\n\t\t\t\t\t<div class=\"elementor-column elementor-col-100 elementor-top-column elementor-element elementor-element-f220a76\" data-id=\"f220a76\" data-element_type=\"column\">\n\t\t\t<div class=\"elementor-widget-wrap elementor-element-populated\">\n\t\t\t\t\t\t<div class=\"elementor-element elementor-element-8d46b63 elementor-widget elementor-widget-toggle\" data-id=\"8d46b63\" data-element_type=\"widget\" data-widget_type=\"toggle.default\">\n\t\t\t\t<div class=\"elementor-widget-container\">\n\t\t\t\t\t<div class=\"elementor-toggle\">\n\t\t\t\t\t\t\t<div class=\"elementor-toggle-item\">\n\t\t\t\t\t<div id=\"elementor-tab-title-1481\" class=\"elementor-tab-title\" data-tab=\"1\" role=\"button\" aria-controls=\"elementor-tab-content-1481\" aria-expanded=\"false\">\n\t\t\t\t\t\t\t\t\t\t\t\t<span class=\"elementor-toggle-icon elementor-toggle-icon-left\" aria-hidden=\"true\">\n\t\t\t\t\t\t\t\t\t\t\t\t\t\t\t<span class=\"elementor-toggle-icon-closed\"><i class=\"fas fa-caret-right\"><\/i><\/span>\n\t\t\t\t\t\t\t\t<span class=\"elementor-toggle-icon-opened\"><i class=\"elementor-toggle-icon-opened fas fa-caret-up\"><\/i><\/span>\n\t\t\t\t\t\t\t\t\t\t\t\t\t<\/span>\n\t\t\t\t\t\t\t\t\t\t\t\t<a class=\"elementor-toggle-title\" tabindex=\"0\">discover the event<\/a>\n\t\t\t\t\t<\/div>\n\n\t\t\t\t\t<div id=\"elementor-tab-content-1481\" class=\"elementor-tab-content elementor-clearfix\" data-tab=\"1\" role=\"region\" aria-labelledby=\"elementor-tab-title-1481\"><p><strong>Ascension of the Lord \u2013 Heroes\u2019 Day<\/strong><\/p><p>Thursday, June 13, 2013, on the occasion of Ascension Day-Heroes\u2019 Day, the \u201cGeneral \u015etefan Gu\u015f\u0103\u201d Foundation, in collaboration with the military garrison of Buz\u0103u \u2013 Command of the 2nd infantry division \u201cGetica\u201d, organized a military and religious ceremony with the guard and the military band, with the laying of wreaths at the monument and the tomb of general \u015etefan Gu\u015f\u0103 situated in the courtyard of the church founded in the village Sp\u0103taru, commune of Coste\u015fti. The following laid wreaths: a delegation of the family and of the General \u015etefan Gu\u015f\u0103 Foundation \u2013 Mrs. Colonel Marian Popescu, Lt. Alexandru Cristian, Eng. Andrei Cristian and Costin Vrabie \u2013 as well as the Command of the 2nd Infantry Division \u201cGetica\u201d, the Division of the Cult of Heroes, the Prefecture of Buzau County, the County Inspectorate for Emergency Situations, the Police Inspectorate of Buzau, the Municipality and General School of the Commune of Costesti.<\/p><div id='gallery-1' class='gallery galleryid-11256 gallery-columns-4 gallery-size-thumbnail'><figure class='gallery-item'>\n\t\t\t<div class='gallery-icon landscape'>\n\t\t\t\t<a href='https:\/\/www.fundatiagusa.ro\/wp-content\/uploads\/2023\/06\/DSC05421.jpg'><img decoding=\"async\" width=\"150\" height=\"150\" src=\"https:\/\/www.fundatiagusa.ro\/wp-content\/uploads\/2023\/06\/DSC05421-150x150.jpg\" class=\"attachment-thumbnail size-thumbnail\" alt=\"\" srcset=\"https:\/\/www.fundatiagusa.ro\/wp-content\/uploads\/2023\/06\/DSC05421-150x150.jpg 150w, https:\/\/www.fundatiagusa.ro\/wp-content\/uploads\/2023\/06\/DSC05421-140x140.jpg 140w, https:\/\/www.fundatiagusa.ro\/wp-content\/uploads\/2023\/06\/DSC05421-80x80.jpg 80w, https:\/\/www.fundatiagusa.ro\/wp-content\/uploads\/2023\/06\/DSC05421-105x105.jpg 105w, https:\/\/www.fundatiagusa.ro\/wp-content\/uploads\/2023\/06\/DSC05421-85x85.jpg 85w\" sizes=\"(max-width: 150px) 100vw, 150px\" \/><\/a>\n\t\t\t<\/div><\/figure><figure class='gallery-item'>\n\t\t\t<div class='gallery-icon landscape'>\n\t\t\t\t<a href='https:\/\/www.fundatiagusa.ro\/wp-content\/uploads\/2023\/06\/DSC05422.jpg'><img decoding=\"async\" width=\"150\" height=\"150\" src=\"https:\/\/www.fundatiagusa.ro\/wp-content\/uploads\/2023\/06\/DSC05422-150x150.jpg\" class=\"attachment-thumbnail size-thumbnail\" alt=\"\" srcset=\"https:\/\/www.fundatiagusa.ro\/wp-content\/uploads\/2023\/06\/DSC05422-150x150.jpg 150w, https:\/\/www.fundatiagusa.ro\/wp-content\/uploads\/2023\/06\/DSC05422-140x140.jpg 140w, https:\/\/www.fundatiagusa.ro\/wp-content\/uploads\/2023\/06\/DSC05422-80x80.jpg 80w, https:\/\/www.fundatiagusa.ro\/wp-content\/uploads\/2023\/06\/DSC05422-105x105.jpg 105w, https:\/\/www.fundatiagusa.ro\/wp-content\/uploads\/2023\/06\/DSC05422-85x85.jpg 85w\" sizes=\"(max-width: 150px) 100vw, 150px\" \/><\/a>\n\t\t\t<\/div><\/figure><figure class='gallery-item'>\n\t\t\t<div class='gallery-icon landscape'>\n\t\t\t\t<a href='https:\/\/www.fundatiagusa.ro\/wp-content\/uploads\/2023\/06\/DSC05423.jpg'><img loading=\"lazy\" decoding=\"async\" width=\"150\" height=\"150\" src=\"https:\/\/www.fundatiagusa.ro\/wp-content\/uploads\/2023\/06\/DSC05423-150x150.jpg\" class=\"attachment-thumbnail size-thumbnail\" alt=\"\" srcset=\"https:\/\/www.fundatiagusa.ro\/wp-content\/uploads\/2023\/06\/DSC05423-150x150.jpg 150w, https:\/\/www.fundatiagusa.ro\/wp-content\/uploads\/2023\/06\/DSC05423-140x140.jpg 140w, https:\/\/www.fundatiagusa.ro\/wp-content\/uploads\/2023\/06\/DSC05423-80x80.jpg 80w, https:\/\/www.fundatiagusa.ro\/wp-content\/uploads\/2023\/06\/DSC05423-105x105.jpg 105w, https:\/\/www.fundatiagusa.ro\/wp-content\/uploads\/2023\/06\/DSC05423-85x85.jpg 85w\" sizes=\"(max-width: 150px) 100vw, 150px\" \/><\/a>\n\t\t\t<\/div><\/figure><figure class='gallery-item'>\n\t\t\t<div class='gallery-icon landscape'>\n\t\t\t\t<a href='https:\/\/www.fundatiagusa.ro\/wp-content\/uploads\/2023\/06\/DSC05424.jpg'><img loading=\"lazy\" decoding=\"async\" width=\"150\" height=\"150\" src=\"https:\/\/www.fundatiagusa.ro\/wp-content\/uploads\/2023\/06\/DSC05424-150x150.jpg\" class=\"attachment-thumbnail size-thumbnail\" alt=\"\" srcset=\"https:\/\/www.fundatiagusa.ro\/wp-content\/uploads\/2023\/06\/DSC05424-150x150.jpg 150w, https:\/\/www.fundatiagusa.ro\/wp-content\/uploads\/2023\/06\/DSC05424-140x140.jpg 140w, https:\/\/www.fundatiagusa.ro\/wp-content\/uploads\/2023\/06\/DSC05424-80x80.jpg 80w, https:\/\/www.fundatiagusa.ro\/wp-content\/uploads\/2023\/06\/DSC05424-105x105.jpg 105w, https:\/\/www.fundatiagusa.ro\/wp-content\/uploads\/2023\/06\/DSC05424-85x85.jpg 85w\" sizes=\"(max-width: 150px) 100vw, 150px\" \/><\/a>\n\t\t\t<\/div><\/figure><figure class='gallery-item'>\n\t\t\t<div class='gallery-icon landscape'>\n\t\t\t\t<a href='https:\/\/www.fundatiagusa.ro\/wp-content\/uploads\/2023\/06\/DSC05425.jpg'><img loading=\"lazy\" decoding=\"async\" width=\"150\" height=\"150\" src=\"https:\/\/www.fundatiagusa.ro\/wp-content\/uploads\/2023\/06\/DSC05425-150x150.jpg\" class=\"attachment-thumbnail size-thumbnail\" alt=\"\" srcset=\"https:\/\/www.fundatiagusa.ro\/wp-content\/uploads\/2023\/06\/DSC05425-150x150.jpg 150w, https:\/\/www.fundatiagusa.ro\/wp-content\/uploads\/2023\/06\/DSC05425-140x140.jpg 140w, https:\/\/www.fundatiagusa.ro\/wp-content\/uploads\/2023\/06\/DSC05425-80x80.jpg 80w, https:\/\/www.fundatiagusa.ro\/wp-content\/uploads\/2023\/06\/DSC05425-105x105.jpg 105w, https:\/\/www.fundatiagusa.ro\/wp-content\/uploads\/2023\/06\/DSC05425-85x85.jpg 85w\" sizes=\"(max-width: 150px) 100vw, 150px\" \/><\/a>\n\t\t\t<\/div><\/figure><figure class='gallery-item'>\n\t\t\t<div class='gallery-icon landscape'>\n\t\t\t\t<a href='https:\/\/www.fundatiagusa.ro\/wp-content\/uploads\/2023\/06\/DSC05427.jpg'><img loading=\"lazy\" decoding=\"async\" width=\"150\" height=\"150\" src=\"https:\/\/www.fundatiagusa.ro\/wp-content\/uploads\/2023\/06\/DSC05427-150x150.jpg\" class=\"attachment-thumbnail size-thumbnail\" alt=\"\" srcset=\"https:\/\/www.fundatiagusa.ro\/wp-content\/uploads\/2023\/06\/DSC05427-150x150.jpg 150w, https:\/\/www.fundatiagusa.ro\/wp-content\/uploads\/2023\/06\/DSC05427-140x140.jpg 140w, https:\/\/www.fundatiagusa.ro\/wp-content\/uploads\/2023\/06\/DSC05427-80x80.jpg 80w, https:\/\/www.fundatiagusa.ro\/wp-content\/uploads\/2023\/06\/DSC05427-105x105.jpg 105w, https:\/\/www.fundatiagusa.ro\/wp-content\/uploads\/2023\/06\/DSC05427-85x85.jpg 85w\" sizes=\"(max-width: 150px) 100vw, 150px\" \/><\/a>\n\t\t\t<\/div><\/figure><figure class='gallery-item'>\n\t\t\t<div class='gallery-icon landscape'>\n\t\t\t\t<a href='https:\/\/www.fundatiagusa.ro\/wp-content\/uploads\/2023\/06\/DSC05428.jpg'><img loading=\"lazy\" decoding=\"async\" width=\"150\" height=\"150\" src=\"https:\/\/www.fundatiagusa.ro\/wp-content\/uploads\/2023\/06\/DSC05428-150x150.jpg\" class=\"attachment-thumbnail size-thumbnail\" alt=\"\" srcset=\"https:\/\/www.fundatiagusa.ro\/wp-content\/uploads\/2023\/06\/DSC05428-150x150.jpg 150w, https:\/\/www.fundatiagusa.ro\/wp-content\/uploads\/2023\/06\/DSC05428-140x140.jpg 140w, https:\/\/www.fundatiagusa.ro\/wp-content\/uploads\/2023\/06\/DSC05428-80x80.jpg 80w, https:\/\/www.fundatiagusa.ro\/wp-content\/uploads\/2023\/06\/DSC05428-105x105.jpg 105w, https:\/\/www.fundatiagusa.ro\/wp-content\/uploads\/2023\/06\/DSC05428-85x85.jpg 85w\" sizes=\"(max-width: 150px) 100vw, 150px\" \/><\/a>\n\t\t\t<\/div><\/figure><figure class='gallery-item'>\n\t\t\t<div class='gallery-icon landscape'>\n\t\t\t\t<a href='https:\/\/www.fundatiagusa.ro\/wp-content\/uploads\/2023\/06\/DSC05429.jpg'><img loading=\"lazy\" decoding=\"async\" width=\"150\" height=\"150\" src=\"https:\/\/www.fundatiagusa.ro\/wp-content\/uploads\/2023\/06\/DSC05429-150x150.jpg\" class=\"attachment-thumbnail size-thumbnail\" alt=\"\" srcset=\"https:\/\/www.fundatiagusa.ro\/wp-content\/uploads\/2023\/06\/DSC05429-150x150.jpg 150w, https:\/\/www.fundatiagusa.ro\/wp-content\/uploads\/2023\/06\/DSC05429-140x140.jpg 140w, https:\/\/www.fundatiagusa.ro\/wp-content\/uploads\/2023\/06\/DSC05429-80x80.jpg 80w, https:\/\/www.fundatiagusa.ro\/wp-content\/uploads\/2023\/06\/DSC05429-105x105.jpg 105w, https:\/\/www.fundatiagusa.ro\/wp-content\/uploads\/2023\/06\/DSC05429-85x85.jpg 85w\" sizes=\"(max-width: 150px) 100vw, 150px\" \/><\/a>\n\t\t\t<\/div><\/figure><figure class='gallery-item'>\n\t\t\t<div class='gallery-icon landscape'>\n\t\t\t\t<a href='https:\/\/www.fundatiagusa.ro\/wp-content\/uploads\/2023\/06\/DSC05431.jpg'><img loading=\"lazy\" decoding=\"async\" width=\"150\" height=\"150\" src=\"https:\/\/www.fundatiagusa.ro\/wp-content\/uploads\/2023\/06\/DSC05431-150x150.jpg\" class=\"attachment-thumbnail size-thumbnail\" alt=\"\" srcset=\"https:\/\/www.fundatiagusa.ro\/wp-content\/uploads\/2023\/06\/DSC05431-150x150.jpg 150w, https:\/\/www.fundatiagusa.ro\/wp-content\/uploads\/2023\/06\/DSC05431-140x140.jpg 140w, https:\/\/www.fundatiagusa.ro\/wp-content\/uploads\/2023\/06\/DSC05431-80x80.jpg 80w, https:\/\/www.fundatiagusa.ro\/wp-content\/uploads\/2023\/06\/DSC05431-105x105.jpg 105w, https:\/\/www.fundatiagusa.ro\/wp-content\/uploads\/2023\/06\/DSC05431-85x85.jpg 85w\" sizes=\"(max-width: 150px) 100vw, 150px\" \/><\/a>\n\t\t\t<\/div><\/figure><figure class='gallery-item'>\n\t\t\t<div class='gallery-icon landscape'>\n\t\t\t\t<a href='https:\/\/www.fundatiagusa.ro\/wp-content\/uploads\/2023\/06\/DSC05432.jpg'><img loading=\"lazy\" decoding=\"async\" width=\"150\" height=\"150\" src=\"https:\/\/www.fundatiagusa.ro\/wp-content\/uploads\/2023\/06\/DSC05432-150x150.jpg\" class=\"attachment-thumbnail size-thumbnail\" alt=\"\" srcset=\"https:\/\/www.fundatiagusa.ro\/wp-content\/uploads\/2023\/06\/DSC05432-150x150.jpg 150w, https:\/\/www.fundatiagusa.ro\/wp-content\/uploads\/2023\/06\/DSC05432-140x140.jpg 140w, https:\/\/www.fundatiagusa.ro\/wp-content\/uploads\/2023\/06\/DSC05432-80x80.jpg 80w, https:\/\/www.fundatiagusa.ro\/wp-content\/uploads\/2023\/06\/DSC05432-105x105.jpg 105w, https:\/\/www.fundatiagusa.ro\/wp-content\/uploads\/2023\/06\/DSC05432-85x85.jpg 85w\" sizes=\"(max-width: 150px) 100vw, 150px\" \/><\/a>\n\t\t\t<\/div><\/figure><figure class='gallery-item'>\n\t\t\t<div class='gallery-icon landscape'>\n\t\t\t\t<a href='https:\/\/www.fundatiagusa.ro\/wp-content\/uploads\/2023\/06\/DSC05433.jpg'><img loading=\"lazy\" decoding=\"async\" width=\"150\" height=\"150\" src=\"https:\/\/www.fundatiagusa.ro\/wp-content\/uploads\/2023\/06\/DSC05433-150x150.jpg\" class=\"attachment-thumbnail size-thumbnail\" alt=\"\" srcset=\"https:\/\/www.fundatiagusa.ro\/wp-content\/uploads\/2023\/06\/DSC05433-150x150.jpg 150w, https:\/\/www.fundatiagusa.ro\/wp-content\/uploads\/2023\/06\/DSC05433-140x140.jpg 140w, https:\/\/www.fundatiagusa.ro\/wp-content\/uploads\/2023\/06\/DSC05433-80x80.jpg 80w, https:\/\/www.fundatiagusa.ro\/wp-content\/uploads\/2023\/06\/DSC05433-105x105.jpg 105w, https:\/\/www.fundatiagusa.ro\/wp-content\/uploads\/2023\/06\/DSC05433-85x85.jpg 85w\" sizes=\"(max-width: 150px) 100vw, 150px\" \/><\/a>\n\t\t\t<\/div><\/figure><figure class='gallery-item'>\n\t\t\t<div class='gallery-icon landscape'>\n\t\t\t\t<a href='https:\/\/www.fundatiagusa.ro\/wp-content\/uploads\/2023\/06\/DSC05434.jpg'><img loading=\"lazy\" decoding=\"async\" width=\"150\" height=\"150\" src=\"https:\/\/www.fundatiagusa.ro\/wp-content\/uploads\/2023\/06\/DSC05434-150x150.jpg\" class=\"attachment-thumbnail size-thumbnail\" alt=\"\" srcset=\"https:\/\/www.fundatiagusa.ro\/wp-content\/uploads\/2023\/06\/DSC05434-150x150.jpg 150w, https:\/\/www.fundatiagusa.ro\/wp-content\/uploads\/2023\/06\/DSC05434-140x140.jpg 140w, https:\/\/www.fundatiagusa.ro\/wp-content\/uploads\/2023\/06\/DSC05434-80x80.jpg 80w, https:\/\/www.fundatiagusa.ro\/wp-content\/uploads\/2023\/06\/DSC05434-105x105.jpg 105w, https:\/\/www.fundatiagusa.ro\/wp-content\/uploads\/2023\/06\/DSC05434-85x85.jpg 85w\" sizes=\"(max-width: 150px) 100vw, 150px\" \/><\/a>\n\t\t\t<\/div><\/figure><figure class='gallery-item'>\n\t\t\t<div class='gallery-icon landscape'>\n\t\t\t\t<a href='https:\/\/www.fundatiagusa.ro\/wp-content\/uploads\/2023\/06\/DSC05435.jpg'><img loading=\"lazy\" decoding=\"async\" width=\"150\" height=\"150\" src=\"https:\/\/www.fundatiagusa.ro\/wp-content\/uploads\/2023\/06\/DSC05435-150x150.jpg\" class=\"attachment-thumbnail size-thumbnail\" alt=\"\" srcset=\"https:\/\/www.fundatiagusa.ro\/wp-content\/uploads\/2023\/06\/DSC05435-150x150.jpg 150w, https:\/\/www.fundatiagusa.ro\/wp-content\/uploads\/2023\/06\/DSC05435-140x140.jpg 140w, https:\/\/www.fundatiagusa.ro\/wp-content\/uploads\/2023\/06\/DSC05435-80x80.jpg 80w, https:\/\/www.fundatiagusa.ro\/wp-content\/uploads\/2023\/06\/DSC05435-105x105.jpg 105w, https:\/\/www.fundatiagusa.ro\/wp-content\/uploads\/2023\/06\/DSC05435-85x85.jpg 85w\" sizes=\"(max-width: 150px) 100vw, 150px\" \/><\/a>\n\t\t\t<\/div><\/figure><figure class='gallery-item'>\n\t\t\t<div class='gallery-icon landscape'>\n\t\t\t\t<a href='https:\/\/www.fundatiagusa.ro\/wp-content\/uploads\/2023\/06\/DSC05437.jpg'><img loading=\"lazy\" decoding=\"async\" width=\"150\" height=\"150\" src=\"https:\/\/www.fundatiagusa.ro\/wp-content\/uploads\/2023\/06\/DSC05437-150x150.jpg\" class=\"attachment-thumbnail size-thumbnail\" alt=\"\" srcset=\"https:\/\/www.fundatiagusa.ro\/wp-content\/uploads\/2023\/06\/DSC05437-150x150.jpg 150w, https:\/\/www.fundatiagusa.ro\/wp-content\/uploads\/2023\/06\/DSC05437-140x140.jpg 140w, https:\/\/www.fundatiagusa.ro\/wp-content\/uploads\/2023\/06\/DSC05437-80x80.jpg 80w, https:\/\/www.fundatiagusa.ro\/wp-content\/uploads\/2023\/06\/DSC05437-105x105.jpg 105w, https:\/\/www.fundatiagusa.ro\/wp-content\/uploads\/2023\/06\/DSC05437-85x85.jpg 85w\" sizes=\"(max-width: 150px) 100vw, 150px\" \/><\/a>\n\t\t\t<\/div><\/figure><figure class='gallery-item'>\n\t\t\t<div class='gallery-icon portrait'>\n\t\t\t\t<a href='https:\/\/www.fundatiagusa.ro\/wp-content\/uploads\/2023\/06\/DSC05438.jpg'><img loading=\"lazy\" decoding=\"async\" width=\"150\" height=\"150\" src=\"https:\/\/www.fundatiagusa.ro\/wp-content\/uploads\/2023\/06\/DSC05438-150x150.jpg\" class=\"attachment-thumbnail size-thumbnail\" alt=\"\" srcset=\"https:\/\/www.fundatiagusa.ro\/wp-content\/uploads\/2023\/06\/DSC05438-150x150.jpg 150w, https:\/\/www.fundatiagusa.ro\/wp-content\/uploads\/2023\/06\/DSC05438-140x140.jpg 140w, https:\/\/www.fundatiagusa.ro\/wp-content\/uploads\/2023\/06\/DSC05438-80x80.jpg 80w, https:\/\/www.fundatiagusa.ro\/wp-content\/uploads\/2023\/06\/DSC05438-105x105.jpg 105w, https:\/\/www.fundatiagusa.ro\/wp-content\/uploads\/2023\/06\/DSC05438-85x85.jpg 85w\" sizes=\"(max-width: 150px) 100vw, 150px\" \/><\/a>\n\t\t\t<\/div><\/figure><figure class='gallery-item'>\n\t\t\t<div class='gallery-icon portrait'>\n\t\t\t\t<a href='https:\/\/www.fundatiagusa.ro\/wp-content\/uploads\/2023\/06\/DSC05439.jpg'><img loading=\"lazy\" decoding=\"async\" width=\"150\" height=\"150\" src=\"https:\/\/www.fundatiagusa.ro\/wp-content\/uploads\/2023\/06\/DSC05439-150x150.jpg\" class=\"attachment-thumbnail size-thumbnail\" alt=\"\" srcset=\"https:\/\/www.fundatiagusa.ro\/wp-content\/uploads\/2023\/06\/DSC05439-150x150.jpg 150w, https:\/\/www.fundatiagusa.ro\/wp-content\/uploads\/2023\/06\/DSC05439-140x140.jpg 140w, https:\/\/www.fundatiagusa.ro\/wp-content\/uploads\/2023\/06\/DSC05439-80x80.jpg 80w, https:\/\/www.fundatiagusa.ro\/wp-content\/uploads\/2023\/06\/DSC05439-105x105.jpg 105w, https:\/\/www.fundatiagusa.ro\/wp-content\/uploads\/2023\/06\/DSC05439-85x85.jpg 85w\" sizes=\"(max-width: 150px) 100vw, 150px\" \/><\/a>\n\t\t\t<\/div><\/figure><figure class='gallery-item'>\n\t\t\t<div class='gallery-icon portrait'>\n\t\t\t\t<a href='https:\/\/www.fundatiagusa.ro\/wp-content\/uploads\/2023\/06\/DSC05441.jpg'><img loading=\"lazy\" decoding=\"async\" width=\"150\" height=\"150\" src=\"https:\/\/www.fundatiagusa.ro\/wp-content\/uploads\/2023\/06\/DSC05441-150x150.jpg\" class=\"attachment-thumbnail size-thumbnail\" alt=\"\" srcset=\"https:\/\/www.fundatiagusa.ro\/wp-content\/uploads\/2023\/06\/DSC05441-150x150.jpg 150w, https:\/\/www.fundatiagusa.ro\/wp-content\/uploads\/2023\/06\/DSC05441-140x140.jpg 140w, https:\/\/www.fundatiagusa.ro\/wp-content\/uploads\/2023\/06\/DSC05441-80x80.jpg 80w, https:\/\/www.fundatiagusa.ro\/wp-content\/uploads\/2023\/06\/DSC05441-105x105.jpg 105w, https:\/\/www.fundatiagusa.ro\/wp-content\/uploads\/2023\/06\/DSC05441-85x85.jpg 85w\" sizes=\"(max-width: 150px) 100vw, 150px\" \/><\/a>\n\t\t\t<\/div><\/figure><figure class='gallery-item'>\n\t\t\t<div class='gallery-icon portrait'>\n\t\t\t\t<a href='https:\/\/www.fundatiagusa.ro\/wp-content\/uploads\/2023\/06\/DSC05442.jpg'><img loading=\"lazy\" decoding=\"async\" width=\"150\" height=\"150\" src=\"https:\/\/www.fundatiagusa.ro\/wp-content\/uploads\/2023\/06\/DSC05442-150x150.jpg\" class=\"attachment-thumbnail size-thumbnail\" alt=\"\" srcset=\"https:\/\/www.fundatiagusa.ro\/wp-content\/uploads\/2023\/06\/DSC05442-150x150.jpg 150w, https:\/\/www.fundatiagusa.ro\/wp-content\/uploads\/2023\/06\/DSC05442-140x140.jpg 140w, https:\/\/www.fundatiagusa.ro\/wp-content\/uploads\/2023\/06\/DSC05442-80x80.jpg 80w, https:\/\/www.fundatiagusa.ro\/wp-content\/uploads\/2023\/06\/DSC05442-105x105.jpg 105w, https:\/\/www.fundatiagusa.ro\/wp-content\/uploads\/2023\/06\/DSC05442-85x85.jpg 85w\" sizes=\"(max-width: 150px) 100vw, 150px\" \/><\/a>\n\t\t\t<\/div><\/figure>\n\t\t<\/div>\n<\/div>\n\t\t\t\t<\/div>\n\t\t\t\t\t\t\t\t<\/div>\n\t\t\t\t<\/div>\n\t\t\t\t<\/div>\n\t\t\t\t\t<\/div>\n\t\t<\/div>\n\t\t\t\t\t<\/div>\n\t\t<\/section>\n\t\t\t\t<section class=\"elementor-section elementor-top-section elementor-element elementor-element-5fe7e8f elementor-section-boxed elementor-section-height-default elementor-section-height-default\" data-id=\"5fe7e8f\" data-element_type=\"section\">\n\t\t\t\t\t\t<div class=\"elementor-container elementor-column-gap-default\">\n\t\t\t\t\t<div class=\"elementor-column elementor-col-100 elementor-top-column elementor-element elementor-element-e2edb67\" data-id=\"e2edb67\" data-element_type=\"column\">\n\t\t\t<div class=\"elementor-widget-wrap elementor-element-populated\">\n\t\t\t\t\t\t<div class=\"elementor-element elementor-element-9bc9dbe elementor-widget elementor-widget-text-editor\" data-id=\"9bc9dbe\" data-element_type=\"widget\" data-widget_type=\"text-editor.default\">\n\t\t\t\t<div class=\"elementor-widget-container\">\n\t\t\t\t\t\t\t<p><strong>30 June \u2013 5 July 2013<\/strong> \u2013 In the period from June 30 to July 5, 2013 the trip of the group of military high school students, beneficiaries of the prize \u201cTrip to Italy\u201d of the \u201cGeneral \u015etefan Gu\u015f\u0103\u201d Foundation took place.<\/p>\t\t\t\t\t\t<\/div>\n\t\t\t\t<\/div>\n\t\t\t\t\t<\/div>\n\t\t<\/div>\n\t\t\t\t\t<\/div>\n\t\t<\/section>\n\t\t\t\t<section class=\"elementor-section elementor-top-section elementor-element elementor-element-fefed1b elementor-section-boxed elementor-section-height-default elementor-section-height-default\" data-id=\"fefed1b\" data-element_type=\"section\">\n\t\t\t\t\t\t<div class=\"elementor-container elementor-column-gap-default\">\n\t\t\t\t\t<div class=\"elementor-column elementor-col-100 elementor-top-column elementor-element elementor-element-f3e55f1\" data-id=\"f3e55f1\" data-element_type=\"column\">\n\t\t\t<div class=\"elementor-widget-wrap elementor-element-populated\">\n\t\t\t\t\t\t<div class=\"elementor-element elementor-element-8eda103 elementor-widget elementor-widget-toggle\" data-id=\"8eda103\" data-element_type=\"widget\" data-widget_type=\"toggle.default\">\n\t\t\t\t<div class=\"elementor-widget-container\">\n\t\t\t\t\t<div class=\"elementor-toggle\">\n\t\t\t\t\t\t\t<div class=\"elementor-toggle-item\">\n\t\t\t\t\t<div id=\"elementor-tab-title-1491\" class=\"elementor-tab-title\" data-tab=\"1\" role=\"button\" aria-controls=\"elementor-tab-content-1491\" aria-expanded=\"false\">\n\t\t\t\t\t\t\t\t\t\t\t\t<span class=\"elementor-toggle-icon elementor-toggle-icon-left\" aria-hidden=\"true\">\n\t\t\t\t\t\t\t\t\t\t\t\t\t\t\t<span class=\"elementor-toggle-icon-closed\"><i class=\"fas fa-caret-right\"><\/i><\/span>\n\t\t\t\t\t\t\t\t<span class=\"elementor-toggle-icon-opened\"><i class=\"elementor-toggle-icon-opened fas fa-caret-up\"><\/i><\/span>\n\t\t\t\t\t\t\t\t\t\t\t\t\t<\/span>\n\t\t\t\t\t\t\t\t\t\t\t\t<a class=\"elementor-toggle-title\" tabindex=\"0\">discover the event<\/a>\n\t\t\t\t\t<\/div>\n\n\t\t\t\t\t<div id=\"elementor-tab-content-1491\" class=\"elementor-tab-content elementor-clearfix\" data-tab=\"1\" role=\"region\" aria-labelledby=\"elementor-tab-title-1491\"><p style=\"text-align: center;\"><strong>Trip to Italy 2013<\/strong><\/p><p>Between June 30 and July 5, 2013 the trip of the group of military high school students, beneficiaries of the prize \u201cTrip to Italy\u201d of the \u201cGeneral \u015etefan Gu\u015f\u0103\u201d Foundation took place. The group was formed by the students: sergeant ST\u0102NESCU Denis-Grigore of the College \u201cMihai Viteazul\u201d; COC\u00ceRLEA M\u0103d\u0103lin-Marius of the College \u201cDimitrie Cantemir\u201d and RUSU Cosmin-Viorel of the College \u201c\u015etefan cel Mare\u201d. The leader of the group, Prof. Carmen-Cecilia ROMAN. Cultural and tourist objectives of the cities of Milan, Venice and Florence were visited.<\/p><div id='gallery-2' class='gallery galleryid-11256 gallery-columns-2 gallery-size-thumbnail'><figure class='gallery-item'>\n\t\t\t<div class='gallery-icon portrait'>\n\t\t\t\t<a href='https:\/\/www.fundatiagusa.ro\/wp-content\/uploads\/2023\/06\/big_DSC02269.jpg'><img loading=\"lazy\" decoding=\"async\" width=\"150\" height=\"150\" src=\"https:\/\/www.fundatiagusa.ro\/wp-content\/uploads\/2023\/06\/big_DSC02269-150x150.jpg\" class=\"attachment-thumbnail size-thumbnail\" alt=\"\" srcset=\"https:\/\/www.fundatiagusa.ro\/wp-content\/uploads\/2023\/06\/big_DSC02269-150x150.jpg 150w, https:\/\/www.fundatiagusa.ro\/wp-content\/uploads\/2023\/06\/big_DSC02269-140x140.jpg 140w, https:\/\/www.fundatiagusa.ro\/wp-content\/uploads\/2023\/06\/big_DSC02269-80x80.jpg 80w, https:\/\/www.fundatiagusa.ro\/wp-content\/uploads\/2023\/06\/big_DSC02269-105x105.jpg 105w, https:\/\/www.fundatiagusa.ro\/wp-content\/uploads\/2023\/06\/big_DSC02269-85x85.jpg 85w\" sizes=\"(max-width: 150px) 100vw, 150px\" \/><\/a>\n\t\t\t<\/div><\/figure><figure class='gallery-item'>\n\t\t\t<div class='gallery-icon landscape'>\n\t\t\t\t<a href='https:\/\/www.fundatiagusa.ro\/wp-content\/uploads\/2023\/06\/DSC02231.jpg'><img loading=\"lazy\" decoding=\"async\" width=\"150\" height=\"150\" src=\"https:\/\/www.fundatiagusa.ro\/wp-content\/uploads\/2023\/06\/DSC02231-150x150.jpg\" class=\"attachment-thumbnail size-thumbnail\" alt=\"\" srcset=\"https:\/\/www.fundatiagusa.ro\/wp-content\/uploads\/2023\/06\/DSC02231-150x150.jpg 150w, https:\/\/www.fundatiagusa.ro\/wp-content\/uploads\/2023\/06\/DSC02231-140x140.jpg 140w, https:\/\/www.fundatiagusa.ro\/wp-content\/uploads\/2023\/06\/DSC02231-80x80.jpg 80w, https:\/\/www.fundatiagusa.ro\/wp-content\/uploads\/2023\/06\/DSC02231-105x105.jpg 105w, https:\/\/www.fundatiagusa.ro\/wp-content\/uploads\/2023\/06\/DSC02231-85x85.jpg 85w\" sizes=\"(max-width: 150px) 100vw, 150px\" \/><\/a>\n\t\t\t<\/div><\/figure>\n\t\t<\/div>\n<\/div>\n\t\t\t\t<\/div>\n\t\t\t\t\t\t\t\t<\/div>\n\t\t\t\t<\/div>\n\t\t\t\t<\/div>\n\t\t\t\t\t<\/div>\n\t\t<\/div>\n\t\t\t\t\t<\/div>\n\t\t<\/section>\n\t\t\t\t<section class=\"elementor-section elementor-top-section elementor-element elementor-element-2ee5fe6 elementor-section-boxed elementor-section-height-default elementor-section-height-default\" data-id=\"2ee5fe6\" data-element_type=\"section\">\n\t\t\t\t\t\t<div class=\"elementor-container elementor-column-gap-default\">\n\t\t\t\t\t<div class=\"elementor-column elementor-col-100 elementor-top-column elementor-element elementor-element-786ccc5\" data-id=\"786ccc5\" data-element_type=\"column\">\n\t\t\t<div class=\"elementor-widget-wrap elementor-element-populated\">\n\t\t\t\t\t\t<div class=\"elementor-element elementor-element-2e6c3d0 elementor-widget elementor-widget-text-editor\" data-id=\"2e6c3d0\" data-element_type=\"widget\" data-widget_type=\"text-editor.default\">\n\t\t\t\t<div class=\"elementor-widget-container\">\n\t\t\t\t\t\t\t<p style=\"text-align: left;\"><strong>26 July \u2013 31 July 2013<\/strong> \u2013 The \u201cGeneral \u015etefan Gu\u015f\u0103\u201d Foundation has awarded this year DIPLOMAS OF EXCELLENCE and money PRIZES to the class leaders of the 2013 graduation class \u201cAurel Vlaicu 100\u201d of the military educational institutions of the Ministry of National Defence.<\/p>\t\t\t\t\t\t<\/div>\n\t\t\t\t<\/div>\n\t\t\t\t\t<\/div>\n\t\t<\/div>\n\t\t\t\t\t<\/div>\n\t\t<\/section>\n\t\t\t\t<section class=\"elementor-section elementor-top-section elementor-element elementor-element-c4e101a elementor-section-boxed elementor-section-height-default elementor-section-height-default\" data-id=\"c4e101a\" data-element_type=\"section\">\n\t\t\t\t\t\t<div class=\"elementor-container elementor-column-gap-default\">\n\t\t\t\t\t<div class=\"elementor-column elementor-col-100 elementor-top-column elementor-element elementor-element-2d2afba\" data-id=\"2d2afba\" data-element_type=\"column\">\n\t\t\t<div class=\"elementor-widget-wrap elementor-element-populated\">\n\t\t\t\t\t\t<div class=\"elementor-element elementor-element-14c52de elementor-widget elementor-widget-toggle\" data-id=\"14c52de\" data-element_type=\"widget\" data-widget_type=\"toggle.default\">\n\t\t\t\t<div class=\"elementor-widget-container\">\n\t\t\t\t\t<div class=\"elementor-toggle\">\n\t\t\t\t\t\t\t<div class=\"elementor-toggle-item\">\n\t\t\t\t\t<div id=\"elementor-tab-title-2171\" class=\"elementor-tab-title\" data-tab=\"1\" role=\"button\" aria-controls=\"elementor-tab-content-2171\" aria-expanded=\"false\">\n\t\t\t\t\t\t\t\t\t\t\t\t<span class=\"elementor-toggle-icon elementor-toggle-icon-left\" aria-hidden=\"true\">\n\t\t\t\t\t\t\t\t\t\t\t\t\t\t\t<span class=\"elementor-toggle-icon-closed\"><i class=\"fas fa-caret-right\"><\/i><\/span>\n\t\t\t\t\t\t\t\t<span class=\"elementor-toggle-icon-opened\"><i class=\"elementor-toggle-icon-opened fas fa-caret-up\"><\/i><\/span>\n\t\t\t\t\t\t\t\t\t\t\t\t\t<\/span>\n\t\t\t\t\t\t\t\t\t\t\t\t<a class=\"elementor-toggle-title\" tabindex=\"0\">discover the event<\/a>\n\t\t\t\t\t<\/div>\n\n\t\t\t\t\t<div id=\"elementor-tab-content-2171\" class=\"elementor-tab-content elementor-clearfix\" data-tab=\"1\" role=\"region\" aria-labelledby=\"elementor-tab-title-2171\"><p style=\"text-align: center;\"><strong>Prizes of the head of the promotion 2013<\/strong><\/p><p>The \u201cGeneral \u015etefan Gu\u015f\u0103\u201d Foundation awarded DIPLOMAS of EXCELLENCE and money PRIZES to the leaders of the 2013 diploma program \u201cAurel Vlaicu 100\u201d of the military educational institutions of the Ministry of National Defence.<\/p><p>They received Diplomas and Prizes for a total value of 6.600,00 lei: the head of the promotion of the Military Technical Academy; sergeant eng. Nicolae-Valentin RO\u015eIA, head of the promotion of the Land Forces Academy \u201cNicolae B\u0103lcescu\u201d; Slt Adrian-Bogdan BARBU, head of the promotion of the Aeronautics Academy \u201cHenri Coand\u0103\u201d Slt Angela-Karina AV\u0102D\u0102NEI and Ensign eng. Andra-Teodora FR\u0102NCU, the head of the promotion of the Naval Academy \u201cMircea cel B\u0103tr\u00e2n\u201d.<\/p><p>Diplomas and honours in the amount of 800 lei each were conferred to the heads of promotion, military squad leaders and non-commissioned officers of the profile schools of the Armed Forces as follows: MM cls V-a Alexandru-Gabriei ILIE, head of the promotion of the Military School of Military Heads and Non-Commissioned Officers of the Land Forces \u201cBessarabia I\u201d; MM cls. 5th Nicoleta GRAMA, person responsible for the diploma of the Military School of the Military Majors and Non-Commissioned Officers of the Air Force \u201cTraian Vuia\u201d and MM Class V Georgiana GHEORGHE, person responsible for the diploma of the Military School of the Military Majors of the Naval Forces \u201cAdmiral Ion Murgescu\u201d.<\/p><p>The above-mentioned recognitions were conferred on the occasion of the graduation ceremonies held on July 26, 27, 31 and August 1 of this year, in the garrisons of residence, by generals and reserve officers, former colleagues and close collaborators of general \u015etefan Gu\u015f\u0103: Admiral Dorin D\u0103nil\u0103 (Constanza), general Niculae Spiroiu (Military Technical Academy and garrison of Pitesti), colonel Dr Doina MURESAN and Nicolae Mitu of the General Staff of the Land Forces (Sibiu).<\/p><\/div>\n\t\t\t\t<\/div>\n\t\t\t\t\t\t\t\t<\/div>\n\t\t\t\t<\/div>\n\t\t\t\t<\/div>\n\t\t\t\t\t<\/div>\n\t\t<\/div>\n\t\t\t\t\t<\/div>\n\t\t<\/section>\n\t\t\t\t<section class=\"elementor-section elementor-top-section elementor-element elementor-element-b818dc1 elementor-section-boxed elementor-section-height-default elementor-section-height-default\" data-id=\"b818dc1\" data-element_type=\"section\">\n\t\t\t\t\t\t<div class=\"elementor-container elementor-column-gap-default\">\n\t\t\t\t\t<div class=\"elementor-column elementor-col-100 elementor-top-column elementor-element elementor-element-3627be3\" data-id=\"3627be3\" data-element_type=\"column\">\n\t\t\t<div class=\"elementor-widget-wrap elementor-element-populated\">\n\t\t\t\t\t\t<div class=\"elementor-element elementor-element-5a84ee3 elementor-widget elementor-widget-text-editor\" data-id=\"5a84ee3\" data-element_type=\"widget\" data-widget_type=\"text-editor.default\">\n\t\t\t\t<div class=\"elementor-widget-container\">\n\t\t\t\t\t\t\t<p><strong>16 September 2013<\/strong> \u2013 The \u201cGeneral \u015etefan Gu\u015f\u0103\u201d Foundation awarded the Scientific Research Prize in the amount of 1500 lei to Captain Lauren\u0163iu POPESCU of the National Defence University \u201cCarol I\u201d<\/p>\t\t\t\t\t\t<\/div>\n\t\t\t\t<\/div>\n\t\t\t\t\t<\/div>\n\t\t<\/div>\n\t\t\t\t\t<\/div>\n\t\t<\/section>\n\t\t\t\t<section class=\"elementor-section elementor-top-section elementor-element elementor-element-23fdc42 elementor-section-boxed elementor-section-height-default elementor-section-height-default\" data-id=\"23fdc42\" data-element_type=\"section\">\n\t\t\t\t\t\t<div class=\"elementor-container elementor-column-gap-default\">\n\t\t\t\t\t<div class=\"elementor-column elementor-col-100 elementor-top-column elementor-element elementor-element-7e72623\" data-id=\"7e72623\" data-element_type=\"column\">\n\t\t\t<div class=\"elementor-widget-wrap elementor-element-populated\">\n\t\t\t\t\t\t<div class=\"elementor-element elementor-element-7abd708 elementor-widget elementor-widget-toggle\" data-id=\"7abd708\" data-element_type=\"widget\" data-widget_type=\"toggle.default\">\n\t\t\t\t<div class=\"elementor-widget-container\">\n\t\t\t\t\t<div class=\"elementor-toggle\">\n\t\t\t\t\t\t\t<div class=\"elementor-toggle-item\">\n\t\t\t\t\t<div id=\"elementor-tab-title-1281\" class=\"elementor-tab-title\" data-tab=\"1\" role=\"button\" aria-controls=\"elementor-tab-content-1281\" aria-expanded=\"false\">\n\t\t\t\t\t\t\t\t\t\t\t\t<span class=\"elementor-toggle-icon elementor-toggle-icon-left\" aria-hidden=\"true\">\n\t\t\t\t\t\t\t\t\t\t\t\t\t\t\t<span class=\"elementor-toggle-icon-closed\"><i class=\"fas fa-caret-right\"><\/i><\/span>\n\t\t\t\t\t\t\t\t<span class=\"elementor-toggle-icon-opened\"><i class=\"elementor-toggle-icon-opened fas fa-caret-up\"><\/i><\/span>\n\t\t\t\t\t\t\t\t\t\t\t\t\t<\/span>\n\t\t\t\t\t\t\t\t\t\t\t\t<a class=\"elementor-toggle-title\" tabindex=\"0\">discover the event<\/a>\n\t\t\t\t\t<\/div>\n\n\t\t\t\t\t<div id=\"elementor-tab-content-1281\" class=\"elementor-tab-content elementor-clearfix\" data-tab=\"1\" role=\"region\" aria-labelledby=\"elementor-tab-title-1281\"><p style=\"text-align: center;\"><strong>The prize for scientific research<\/strong><\/p><p>On September 16, 2013 the \u201cGeneral \u015etefan Gu\u015f\u0103\u201d Foundation awarded the Scientific Research Prize in the amount of 1.500 lei to Captain Cdr Lauren\u0163iu POPESCU of the National Defence University \u201cCarol I\u201d for the document on the influence of the use of drones in military operations.<\/p><\/div>\n\t\t\t\t<\/div>\n\t\t\t\t\t\t\t\t<\/div>\n\t\t\t\t<\/div>\n\t\t\t\t<\/div>\n\t\t\t\t\t<\/div>\n\t\t<\/div>\n\t\t\t\t\t<\/div>\n\t\t<\/section>\n\t\t\t\t<section class=\"elementor-section elementor-top-section elementor-element elementor-element-6d03d62 elementor-section-boxed elementor-section-height-default elementor-section-height-default\" data-id=\"6d03d62\" data-element_type=\"section\">\n\t\t\t\t\t\t<div class=\"elementor-container elementor-column-gap-default\">\n\t\t\t\t\t<div class=\"elementor-column elementor-col-100 elementor-top-column elementor-element elementor-element-98a9e7f\" data-id=\"98a9e7f\" data-element_type=\"column\">\n\t\t\t<div class=\"elementor-widget-wrap elementor-element-populated\">\n\t\t\t\t\t\t<div class=\"elementor-element elementor-element-02acd21 elementor-widget elementor-widget-text-editor\" data-id=\"02acd21\" data-element_type=\"widget\" data-widget_type=\"text-editor.default\">\n\t\t\t\t<div class=\"elementor-widget-container\">\n\t\t\t\t\t\t\t<p><strong>25 October 2013<\/strong> \u2013 During the celebratory events of Romanian Army Day 2013, a delegation of the \u201cGeneral \u015etefan Gu\u015f\u0103\u201d Foundation.<\/p>\t\t\t\t\t\t<\/div>\n\t\t\t\t<\/div>\n\t\t\t\t\t<\/div>\n\t\t<\/div>\n\t\t\t\t\t<\/div>\n\t\t<\/section>\n\t\t\t\t<section class=\"elementor-section elementor-top-section elementor-element elementor-element-a391dbd elementor-section-boxed elementor-section-height-default elementor-section-height-default\" data-id=\"a391dbd\" data-element_type=\"section\">\n\t\t\t\t\t\t<div class=\"elementor-container elementor-column-gap-default\">\n\t\t\t\t\t<div class=\"elementor-column elementor-col-100 elementor-top-column elementor-element elementor-element-3ea52ba\" data-id=\"3ea52ba\" data-element_type=\"column\">\n\t\t\t<div class=\"elementor-widget-wrap elementor-element-populated\">\n\t\t\t\t\t\t<div class=\"elementor-element elementor-element-88933da elementor-widget elementor-widget-toggle\" data-id=\"88933da\" data-element_type=\"widget\" data-widget_type=\"toggle.default\">\n\t\t\t\t<div class=\"elementor-widget-container\">\n\t\t\t\t\t<div class=\"elementor-toggle\">\n\t\t\t\t\t\t\t<div class=\"elementor-toggle-item\">\n\t\t\t\t\t<div id=\"elementor-tab-title-1431\" class=\"elementor-tab-title\" data-tab=\"1\" role=\"button\" aria-controls=\"elementor-tab-content-1431\" aria-expanded=\"false\">\n\t\t\t\t\t\t\t\t\t\t\t\t<span class=\"elementor-toggle-icon elementor-toggle-icon-left\" aria-hidden=\"true\">\n\t\t\t\t\t\t\t\t\t\t\t\t\t\t\t<span class=\"elementor-toggle-icon-closed\"><i class=\"fas fa-caret-right\"><\/i><\/span>\n\t\t\t\t\t\t\t\t<span class=\"elementor-toggle-icon-opened\"><i class=\"elementor-toggle-icon-opened fas fa-caret-up\"><\/i><\/span>\n\t\t\t\t\t\t\t\t\t\t\t\t\t<\/span>\n\t\t\t\t\t\t\t\t\t\t\t\t<a class=\"elementor-toggle-title\" tabindex=\"0\">discover the event<\/a>\n\t\t\t\t\t<\/div>\n\n\t\t\t\t\t<div id=\"elementor-tab-content-1431\" class=\"elementor-tab-content elementor-clearfix\" data-tab=\"1\" role=\"region\" aria-labelledby=\"elementor-tab-title-1431\"><p style=\"text-align: center;\"><strong>Romanian Army Day<\/strong><\/p><p>On October 25, 2013, at 12:30, during the events to celebrate Romanian Army Day 2013, a delegation of the \u201cGeneral \u015etefan Gu\u015f\u0103\u201d Foundation, composed of General Niculae Spiroiu and Lieutenant Alexandru Cristian, laid a wreath at the Heroes\u2019 Monument located on the esplanade of the National Defence University \u201cCarol I\u201d.<\/p><\/div>\n\t\t\t\t<\/div>\n\t\t\t\t\t\t\t\t<\/div>\n\t\t\t\t<\/div>\n\t\t\t\t<\/div>\n\t\t\t\t\t<\/div>\n\t\t<\/div>\n\t\t\t\t\t<\/div>\n\t\t<\/section>\n\t\t\t\t<section class=\"elementor-section elementor-top-section elementor-element elementor-element-400f486 elementor-section-boxed elementor-section-height-default elementor-section-height-default\" data-id=\"400f486\" data-element_type=\"section\">\n\t\t\t\t\t\t<div class=\"elementor-container elementor-column-gap-default\">\n\t\t\t\t\t<div class=\"elementor-column elementor-col-100 elementor-top-column elementor-element elementor-element-4963fdb\" data-id=\"4963fdb\" data-element_type=\"column\">\n\t\t\t<div class=\"elementor-widget-wrap elementor-element-populated\">\n\t\t\t\t\t\t<div class=\"elementor-element elementor-element-d6d6455 elementor-widget elementor-widget-text-editor\" data-id=\"d6d6455\" data-element_type=\"widget\" data-widget_type=\"text-editor.default\">\n\t\t\t\t<div class=\"elementor-widget-container\">\n\t\t\t\t\t\t\t<p><strong>13 November 2013<\/strong> \u2013 letters were sent informing the students and the students with military scholarships of the \u201cGeneral \u015etefan Gu\u015f\u0103\u201d Foundation on the amount of the scholarships and on the dates on which they will be paid. The letters were accompanied by presentation leaflets of the Foundation.<\/p>\t\t\t\t\t\t<\/div>\n\t\t\t\t<\/div>\n\t\t\t\t\t<\/div>\n\t\t<\/div>\n\t\t\t\t\t<\/div>\n\t\t<\/section>\n\t\t\t\t<section class=\"elementor-section elementor-top-section elementor-element elementor-element-473f9e4 elementor-section-boxed elementor-section-height-default elementor-section-height-default\" data-id=\"473f9e4\" data-element_type=\"section\">\n\t\t\t\t\t\t<div class=\"elementor-container elementor-column-gap-default\">\n\t\t\t\t\t<div class=\"elementor-column elementor-col-100 elementor-top-column elementor-element elementor-element-4e4bf31\" data-id=\"4e4bf31\" data-element_type=\"column\">\n\t\t\t<div class=\"elementor-widget-wrap elementor-element-populated\">\n\t\t\t\t\t\t<div class=\"elementor-element elementor-element-5e145cf elementor-widget elementor-widget-toggle\" data-id=\"5e145cf\" data-element_type=\"widget\" data-widget_type=\"toggle.default\">\n\t\t\t\t<div class=\"elementor-widget-container\">\n\t\t\t\t\t<div class=\"elementor-toggle\">\n\t\t\t\t\t\t\t<div class=\"elementor-toggle-item\">\n\t\t\t\t\t<div id=\"elementor-tab-title-9861\" class=\"elementor-tab-title\" data-tab=\"1\" role=\"button\" aria-controls=\"elementor-tab-content-9861\" aria-expanded=\"false\">\n\t\t\t\t\t\t\t\t\t\t\t\t<span class=\"elementor-toggle-icon elementor-toggle-icon-left\" aria-hidden=\"true\">\n\t\t\t\t\t\t\t\t\t\t\t\t\t\t\t<span class=\"elementor-toggle-icon-closed\"><i class=\"fas fa-caret-right\"><\/i><\/span>\n\t\t\t\t\t\t\t\t<span class=\"elementor-toggle-icon-opened\"><i class=\"elementor-toggle-icon-opened fas fa-caret-up\"><\/i><\/span>\n\t\t\t\t\t\t\t\t\t\t\t\t\t<\/span>\n\t\t\t\t\t\t\t\t\t\t\t\t<a class=\"elementor-toggle-title\" tabindex=\"0\">discover the event<\/a>\n\t\t\t\t\t<\/div>\n\n\t\t\t\t\t<div id=\"elementor-tab-content-9861\" class=\"elementor-tab-content elementor-clearfix\" data-tab=\"1\" role=\"region\" aria-labelledby=\"elementor-tab-title-9861\"><p style=\"text-align: center;\"><strong>Scholarships of the \u201cGeneral \u015etefan Gu\u015f\u0103\u201d Foundation.<\/strong><\/p><p>On November 13, 2013 letters were sent informing the students and the students with military scholarships of the \u201cGeneral \u015etefan Gu\u015f\u0103\u201d Foundation on the amount of the scholarships and on the dates on which they will be paid. The letters were accompanied by presentation leaflets of the Foundation.<\/p><p>At the same time, the first tranche of scholarships in the amount of 450 lei, for a total of 3150 lei, was paid through postal orders to the following 7 military scholarship holders of the academic year 2013-2014:<\/p><p>Student DICU\u0162 Elena-Lidia Military School of Military Squad Leaders and Non-Commissioned Officers of the Land Forces<\/p><p>\u201cBasarab I\u201d<\/p><p>Student PISCUREANU Alexandru Military School of Military Squad Leaders and Non-Commissioned Officers of the Air Force \u201cTraian Vuia\u201d<\/p><p>Student corporal MURARIU Diana \u201cAdmiral Ion Murgescu\u201d Military School of Military Squad Leaders of the Naval Forces<\/p><p>Student TIMOFTE Andrei-Eugen, Military Technical Academy<br \/>Student PRICOPIE Ionu\u0163 Land Forces Academy \u201cNicolae B\u0103lcescu\u201d<br \/>Student sergeant. PAHONI Andrei Aeronautics Academy \u201cHenri Coand\u0103\u201d.<br \/>Student sergeant. CHI\u015eCARIU Radu-Emanuel Naval Academy \u201cMircea the Old Man\u201d<\/p><p>The second and the third tranche, equal in amount to the first, will be paid in the months of January and April 2014.<\/p><\/div>\n\t\t\t\t<\/div>\n\t\t\t\t\t\t\t\t<\/div>\n\t\t\t\t<\/div>\n\t\t\t\t<\/div>\n\t\t\t\t\t<\/div>\n\t\t<\/div>\n\t\t\t\t\t<\/div>\n\t\t<\/section>\n\t\t\t\t<section class=\"elementor-section elementor-top-section elementor-element elementor-element-97d419f elementor-section-boxed elementor-section-height-default elementor-section-height-default\" data-id=\"97d419f\" data-element_type=\"section\">\n\t\t\t\t\t\t<div class=\"elementor-container elementor-column-gap-default\">\n\t\t\t\t\t<div class=\"elementor-column elementor-col-100 elementor-top-column elementor-element elementor-element-4667537\" data-id=\"4667537\" data-element_type=\"column\">\n\t\t\t<div class=\"elementor-widget-wrap elementor-element-populated\">\n\t\t\t\t\t\t<div class=\"elementor-element elementor-element-952740b elementor-widget elementor-widget-text-editor\" data-id=\"952740b\" data-element_type=\"widget\" data-widget_type=\"text-editor.default\">\n\t\t\t\t<div class=\"elementor-widget-container\">\n\t\t\t\t\t\t\t<p><strong>2 December 2013<\/strong> \u2013 According to the projects in which the \u201cGeneral \u015etefan Gu\u015f\u0103\u201d Foundation traditionally collaborates with the \u201cMaresciallo Alexandru Averescu\u201d Foundation, it was sponsored in kind with 69 volumes of works<\/p>\t\t\t\t\t\t<\/div>\n\t\t\t\t<\/div>\n\t\t\t\t\t<\/div>\n\t\t<\/div>\n\t\t\t\t\t<\/div>\n\t\t<\/section>\n\t\t\t\t<section class=\"elementor-section elementor-top-section elementor-element elementor-element-f586bec elementor-section-boxed elementor-section-height-default elementor-section-height-default\" data-id=\"f586bec\" data-element_type=\"section\">\n\t\t\t\t\t\t<div class=\"elementor-container elementor-column-gap-default\">\n\t\t\t\t\t<div class=\"elementor-column elementor-col-100 elementor-top-column elementor-element elementor-element-aab680b\" data-id=\"aab680b\" data-element_type=\"column\">\n\t\t\t<div class=\"elementor-widget-wrap elementor-element-populated\">\n\t\t\t\t\t\t<div class=\"elementor-element elementor-element-4b54b9a elementor-widget elementor-widget-toggle\" data-id=\"4b54b9a\" data-element_type=\"widget\" data-widget_type=\"toggle.default\">\n\t\t\t\t<div class=\"elementor-widget-container\">\n\t\t\t\t\t<div class=\"elementor-toggle\">\n\t\t\t\t\t\t\t<div class=\"elementor-toggle-item\">\n\t\t\t\t\t<div id=\"elementor-tab-title-7891\" class=\"elementor-tab-title\" data-tab=\"1\" role=\"button\" aria-controls=\"elementor-tab-content-7891\" aria-expanded=\"false\">\n\t\t\t\t\t\t\t\t\t\t\t\t<span class=\"elementor-toggle-icon elementor-toggle-icon-left\" aria-hidden=\"true\">\n\t\t\t\t\t\t\t\t\t\t\t\t\t\t\t<span class=\"elementor-toggle-icon-closed\"><i class=\"fas fa-caret-right\"><\/i><\/span>\n\t\t\t\t\t\t\t\t<span class=\"elementor-toggle-icon-opened\"><i class=\"elementor-toggle-icon-opened fas fa-caret-up\"><\/i><\/span>\n\t\t\t\t\t\t\t\t\t\t\t\t\t<\/span>\n\t\t\t\t\t\t\t\t\t\t\t\t<a class=\"elementor-toggle-title\" tabindex=\"0\">discover the event<\/a>\n\t\t\t\t\t<\/div>\n\n\t\t\t\t\t<div id=\"elementor-tab-content-7891\" class=\"elementor-tab-content elementor-clearfix\" data-tab=\"1\" role=\"region\" aria-labelledby=\"elementor-tab-title-7891\"><p style=\"text-align: center;\"><strong>Sponsorship of the Historical Competition of Buzau County on the occasion of the National Day of Romania<\/strong><\/p><p>According to the projects in which the \u201cGeneral \u015etefan Gu\u0219\u0103\u201d Foundation traditionally collaborates with the \u201cMaresal Alexandru Averescu\u201d Foundation, the \u201cHistory competition for pupils and students of Buz\u0103u county\u201d was organized in kind with 69 volumes of book works with historical and literary themes on the occasion of the National Day.<\/p><\/div>\n\t\t\t\t<\/div>\n\t\t\t\t\t\t\t\t<\/div>\n\t\t\t\t<\/div>\n\t\t\t\t<\/div>\n\t\t\t\t\t<\/div>\n\t\t<\/div>\n\t\t\t\t\t<\/div>\n\t\t<\/section>\n\t\t\t\t<section class=\"elementor-section elementor-top-section elementor-element elementor-element-550473d elementor-section-boxed elementor-section-height-default elementor-section-height-default\" data-id=\"550473d\" data-element_type=\"section\">\n\t\t\t\t\t\t<div class=\"elementor-container elementor-column-gap-default\">\n\t\t\t\t\t<div class=\"elementor-column elementor-col-100 elementor-top-column elementor-element elementor-element-b27138c\" data-id=\"b27138c\" data-element_type=\"column\">\n\t\t\t<div class=\"elementor-widget-wrap elementor-element-populated\">\n\t\t\t\t\t\t<div class=\"elementor-element elementor-element-d90ee26 elementor-widget elementor-widget-text-editor\" data-id=\"d90ee26\" data-element_type=\"widget\" data-widget_type=\"text-editor.default\">\n\t\t\t\t<div class=\"elementor-widget-container\">\n\t\t\t\t\t\t\t<p style=\"text-align: left;\"><strong>20 December 2013<\/strong> \u2013 According to an already traditional project, on December 20, on the occasion of Christmas, the Association for the prevention of school abandonment \u201cSaint Archdeacon \u015etefan\u201d was sponsored in kind<\/p>\t\t\t\t\t\t<\/div>\n\t\t\t\t<\/div>\n\t\t\t\t\t<\/div>\n\t\t<\/div>\n\t\t\t\t\t<\/div>\n\t\t<\/section>\n\t\t\t\t<section class=\"elementor-section elementor-top-section elementor-element elementor-element-1c326d1 elementor-section-boxed elementor-section-height-default elementor-section-height-default\" data-id=\"1c326d1\" data-element_type=\"section\">\n\t\t\t\t\t\t<div class=\"elementor-container elementor-column-gap-default\">\n\t\t\t\t\t<div class=\"elementor-column elementor-col-100 elementor-top-column elementor-element elementor-element-fc10ff5\" data-id=\"fc10ff5\" data-element_type=\"column\">\n\t\t\t<div class=\"elementor-widget-wrap elementor-element-populated\">\n\t\t\t\t\t\t<div class=\"elementor-element elementor-element-7d83e5e elementor-widget elementor-widget-toggle\" data-id=\"7d83e5e\" data-element_type=\"widget\" data-widget_type=\"toggle.default\">\n\t\t\t\t<div class=\"elementor-widget-container\">\n\t\t\t\t\t<div class=\"elementor-toggle\">\n\t\t\t\t\t\t\t<div class=\"elementor-toggle-item\">\n\t\t\t\t\t<div id=\"elementor-tab-title-1311\" class=\"elementor-tab-title\" data-tab=\"1\" role=\"button\" aria-controls=\"elementor-tab-content-1311\" aria-expanded=\"false\">\n\t\t\t\t\t\t\t\t\t\t\t\t<span class=\"elementor-toggle-icon elementor-toggle-icon-left\" aria-hidden=\"true\">\n\t\t\t\t\t\t\t\t\t\t\t\t\t\t\t<span class=\"elementor-toggle-icon-closed\"><i class=\"fas fa-caret-right\"><\/i><\/span>\n\t\t\t\t\t\t\t\t<span class=\"elementor-toggle-icon-opened\"><i class=\"elementor-toggle-icon-opened fas fa-caret-up\"><\/i><\/span>\n\t\t\t\t\t\t\t\t\t\t\t\t\t<\/span>\n\t\t\t\t\t\t\t\t\t\t\t\t<a class=\"elementor-toggle-title\" tabindex=\"0\">discover the event<\/a>\n\t\t\t\t\t<\/div>\n\n\t\t\t\t\t<div id=\"elementor-tab-content-1311\" class=\"elementor-tab-content elementor-clearfix\" data-tab=\"1\" role=\"region\" aria-labelledby=\"elementor-tab-title-1311\"><p style=\"text-align: center;\"><strong>Donation for the Association for the prevention of school abandonment \u201cSaint Archdeacon \u015etefan\u201d<\/strong><\/p><p>According to an already traditional project, on December 20, on the occasion of Christmas, the Association for the prevention of school abandonment \u201cSaint Archdeacon \u015etefan\u201d of the parish of Ghencea was sponsored in kind, with supplies, sweets and food products for a value of 5.000,00 lei. The beneficiaries are 52 children and adolescents.<\/p><\/div>\n\t\t\t\t<\/div>\n\t\t\t\t\t\t\t\t<\/div>\n\t\t\t\t<\/div>\n\t\t\t\t<\/div>\n\t\t\t\t\t<\/div>\n\t\t<\/div>\n\t\t\t\t\t<\/div>\n\t\t<\/section>\n\t\t\t\t<section class=\"elementor-section elementor-top-section elementor-element elementor-element-8649814 elementor-section-boxed elementor-section-height-default elementor-section-height-default\" data-id=\"8649814\" data-element_type=\"section\">\n\t\t\t\t\t\t<div class=\"elementor-container elementor-column-gap-default\">\n\t\t\t\t\t<div class=\"elementor-column elementor-col-100 elementor-top-column elementor-element elementor-element-322ebac\" data-id=\"322ebac\" data-element_type=\"column\">\n\t\t\t<div class=\"elementor-widget-wrap elementor-element-populated\">\n\t\t\t\t\t\t<div class=\"elementor-element elementor-element-45aed73 elementor-widget elementor-widget-text-editor\" data-id=\"45aed73\" data-element_type=\"widget\" data-widget_type=\"text-editor.default\">\n\t\t\t\t<div class=\"elementor-widget-container\">\n\t\t\t\t\t\t\t<p><strong>22 December 2013<\/strong> \u2013 On December 22 the military and religious ceremony took place at the village of Sp\u0103taru of the foundation of general \u015etefan Gu\u015fa\u201d, where the Foundation, the family, the prefect of the county, the commander of the garrison of Buz\u0103u, the police inspectorate, SRI,<\/p>\t\t\t\t\t\t<\/div>\n\t\t\t\t<\/div>\n\t\t\t\t\t<\/div>\n\t\t<\/div>\n\t\t\t\t\t<\/div>\n\t\t<\/section>\n\t\t\t\t<section class=\"elementor-section elementor-top-section elementor-element elementor-element-b7a2c0b elementor-section-boxed elementor-section-height-default elementor-section-height-default\" data-id=\"b7a2c0b\" data-element_type=\"section\">\n\t\t\t\t\t\t<div class=\"elementor-container elementor-column-gap-default\">\n\t\t\t\t\t<div class=\"elementor-column elementor-col-100 elementor-top-column elementor-element elementor-element-c497bbb\" data-id=\"c497bbb\" data-element_type=\"column\">\n\t\t\t<div class=\"elementor-widget-wrap elementor-element-populated\">\n\t\t\t\t\t\t<div class=\"elementor-element elementor-element-c12f34c elementor-widget elementor-widget-toggle\" data-id=\"c12f34c\" data-element_type=\"widget\" data-widget_type=\"toggle.default\">\n\t\t\t\t<div class=\"elementor-widget-container\">\n\t\t\t\t\t<div class=\"elementor-toggle\">\n\t\t\t\t\t\t\t<div class=\"elementor-toggle-item\">\n\t\t\t\t\t<div id=\"elementor-tab-title-2021\" class=\"elementor-tab-title\" data-tab=\"1\" role=\"button\" aria-controls=\"elementor-tab-content-2021\" aria-expanded=\"false\">\n\t\t\t\t\t\t\t\t\t\t\t\t<span class=\"elementor-toggle-icon elementor-toggle-icon-left\" aria-hidden=\"true\">\n\t\t\t\t\t\t\t\t\t\t\t\t\t\t\t<span class=\"elementor-toggle-icon-closed\"><i class=\"fas fa-caret-right\"><\/i><\/span>\n\t\t\t\t\t\t\t\t<span class=\"elementor-toggle-icon-opened\"><i class=\"elementor-toggle-icon-opened fas fa-caret-up\"><\/i><\/span>\n\t\t\t\t\t\t\t\t\t\t\t\t\t<\/span>\n\t\t\t\t\t\t\t\t\t\t\t\t<a class=\"elementor-toggle-title\" tabindex=\"0\">discover the event<\/a>\n\t\t\t\t\t<\/div>\n\n\t\t\t\t\t<div id=\"elementor-tab-content-2021\" class=\"elementor-tab-content elementor-clearfix\" data-tab=\"1\" role=\"region\" aria-labelledby=\"elementor-tab-title-2021\"><p style=\"text-align: center;\"><strong>Commemoration of the heroes of December 1989 at Sp\u0103taru<\/strong><\/p><p>On December 22 there took place the military and religious ceremony at the foundation of general \u015etefan Gu\u015f\u0103 in the village of Sp\u0103taru, in which participated the Foundation, the family, the prefect of the county, the commander of the garrison of Buz\u0103u, the police inspectorate, the SRI, the Association \u201cCult of Heroes\u201d, the parties of the USL and of the Popular Party, the Municipality of Costesti and the School of Spataru laid wreaths of flowers. On this occasion the students of the General School of the village received from the Foundation packages with provisions, sweets and fruit. The Christmas packages (300) were also received by the soldiers of the guard, the band and the inhabitants of the village who participated in the ceremony.<\/p><div id='gallery-3' class='gallery galleryid-11256 gallery-columns-4 gallery-size-thumbnail'><figure class='gallery-item'>\n\t\t\t<div class='gallery-icon landscape'>\n\t\t\t\t<a href='https:\/\/www.fundatiagusa.ro\/wp-content\/uploads\/2023\/06\/DSC08032.jpg'><img loading=\"lazy\" decoding=\"async\" width=\"150\" height=\"150\" src=\"https:\/\/www.fundatiagusa.ro\/wp-content\/uploads\/2023\/06\/DSC08032-150x150.jpg\" class=\"attachment-thumbnail size-thumbnail\" alt=\"\" srcset=\"https:\/\/www.fundatiagusa.ro\/wp-content\/uploads\/2023\/06\/DSC08032-150x150.jpg 150w, https:\/\/www.fundatiagusa.ro\/wp-content\/uploads\/2023\/06\/DSC08032-140x140.jpg 140w, https:\/\/www.fundatiagusa.ro\/wp-content\/uploads\/2023\/06\/DSC08032-80x80.jpg 80w, https:\/\/www.fundatiagusa.ro\/wp-content\/uploads\/2023\/06\/DSC08032-105x105.jpg 105w, https:\/\/www.fundatiagusa.ro\/wp-content\/uploads\/2023\/06\/DSC08032-85x85.jpg 85w\" sizes=\"(max-width: 150px) 100vw, 150px\" \/><\/a>\n\t\t\t<\/div><\/figure><figure class='gallery-item'>\n\t\t\t<div class='gallery-icon landscape'>\n\t\t\t\t<a href='https:\/\/www.fundatiagusa.ro\/wp-content\/uploads\/2023\/06\/DSC08014.jpg'><img loading=\"lazy\" decoding=\"async\" width=\"150\" height=\"150\" src=\"https:\/\/www.fundatiagusa.ro\/wp-content\/uploads\/2023\/06\/DSC08014-150x150.jpg\" class=\"attachment-thumbnail size-thumbnail\" alt=\"\" srcset=\"https:\/\/www.fundatiagusa.ro\/wp-content\/uploads\/2023\/06\/DSC08014-150x150.jpg 150w, https:\/\/www.fundatiagusa.ro\/wp-content\/uploads\/2023\/06\/DSC08014-140x140.jpg 140w, https:\/\/www.fundatiagusa.ro\/wp-content\/uploads\/2023\/06\/DSC08014-80x80.jpg 80w, https:\/\/www.fundatiagusa.ro\/wp-content\/uploads\/2023\/06\/DSC08014-105x105.jpg 105w, https:\/\/www.fundatiagusa.ro\/wp-content\/uploads\/2023\/06\/DSC08014-85x85.jpg 85w\" sizes=\"(max-width: 150px) 100vw, 150px\" \/><\/a>\n\t\t\t<\/div><\/figure><figure class='gallery-item'>\n\t\t\t<div class='gallery-icon portrait'>\n\t\t\t\t<a href='https:\/\/www.fundatiagusa.ro\/wp-content\/uploads\/2023\/06\/DSC08028.jpg'><img loading=\"lazy\" decoding=\"async\" width=\"150\" height=\"150\" src=\"https:\/\/www.fundatiagusa.ro\/wp-content\/uploads\/2023\/06\/DSC08028-150x150.jpg\" class=\"attachment-thumbnail size-thumbnail\" alt=\"\" srcset=\"https:\/\/www.fundatiagusa.ro\/wp-content\/uploads\/2023\/06\/DSC08028-150x150.jpg 150w, https:\/\/www.fundatiagusa.ro\/wp-content\/uploads\/2023\/06\/DSC08028-140x140.jpg 140w, https:\/\/www.fundatiagusa.ro\/wp-content\/uploads\/2023\/06\/DSC08028-80x80.jpg 80w, https:\/\/www.fundatiagusa.ro\/wp-content\/uploads\/2023\/06\/DSC08028-105x105.jpg 105w, https:\/\/www.fundatiagusa.ro\/wp-content\/uploads\/2023\/06\/DSC08028-85x85.jpg 85w\" sizes=\"(max-width: 150px) 100vw, 150px\" \/><\/a>\n\t\t\t<\/div><\/figure><figure class='gallery-item'>\n\t\t\t<div class='gallery-icon landscape'>\n\t\t\t\t<a href='https:\/\/www.fundatiagusa.ro\/wp-content\/uploads\/2023\/06\/DSC08017.jpg'><img loading=\"lazy\" decoding=\"async\" width=\"150\" height=\"150\" src=\"https:\/\/www.fundatiagusa.ro\/wp-content\/uploads\/2023\/06\/DSC08017-150x150.jpg\" class=\"attachment-thumbnail size-thumbnail\" alt=\"\" srcset=\"https:\/\/www.fundatiagusa.ro\/wp-content\/uploads\/2023\/06\/DSC08017-150x150.jpg 150w, https:\/\/www.fundatiagusa.ro\/wp-content\/uploads\/2023\/06\/DSC08017-140x140.jpg 140w, https:\/\/www.fundatiagusa.ro\/wp-content\/uploads\/2023\/06\/DSC08017-80x80.jpg 80w, https:\/\/www.fundatiagusa.ro\/wp-content\/uploads\/2023\/06\/DSC08017-105x105.jpg 105w, https:\/\/www.fundatiagusa.ro\/wp-content\/uploads\/2023\/06\/DSC08017-85x85.jpg 85w\" sizes=\"(max-width: 150px) 100vw, 150px\" \/><\/a>\n\t\t\t<\/div><\/figure><figure class='gallery-item'>\n\t\t\t<div class='gallery-icon portrait'>\n\t\t\t\t<a href='https:\/\/www.fundatiagusa.ro\/wp-content\/uploads\/2023\/06\/DSC08022.jpg'><img loading=\"lazy\" decoding=\"async\" width=\"150\" height=\"150\" src=\"https:\/\/www.fundatiagusa.ro\/wp-content\/uploads\/2023\/06\/DSC08022-150x150.jpg\" class=\"attachment-thumbnail size-thumbnail\" alt=\"\" srcset=\"https:\/\/www.fundatiagusa.ro\/wp-content\/uploads\/2023\/06\/DSC08022-150x150.jpg 150w, https:\/\/www.fundatiagusa.ro\/wp-content\/uploads\/2023\/06\/DSC08022-140x140.jpg 140w, https:\/\/www.fundatiagusa.ro\/wp-content\/uploads\/2023\/06\/DSC08022-80x80.jpg 80w, https:\/\/www.fundatiagusa.ro\/wp-content\/uploads\/2023\/06\/DSC08022-105x105.jpg 105w, https:\/\/www.fundatiagusa.ro\/wp-content\/uploads\/2023\/06\/DSC08022-85x85.jpg 85w\" sizes=\"(max-width: 150px) 100vw, 150px\" \/><\/a>\n\t\t\t<\/div><\/figure><figure class='gallery-item'>\n\t\t\t<div class='gallery-icon landscape'>\n\t\t\t\t<a href='https:\/\/www.fundatiagusa.ro\/wp-content\/uploads\/2023\/06\/DSC08011.jpg'><img loading=\"lazy\" decoding=\"async\" width=\"150\" height=\"150\" src=\"https:\/\/www.fundatiagusa.ro\/wp-content\/uploads\/2023\/06\/DSC08011-150x150.jpg\" class=\"attachment-thumbnail size-thumbnail\" alt=\"\" srcset=\"https:\/\/www.fundatiagusa.ro\/wp-content\/uploads\/2023\/06\/DSC08011-150x150.jpg 150w, https:\/\/www.fundatiagusa.ro\/wp-content\/uploads\/2023\/06\/DSC08011-140x140.jpg 140w, https:\/\/www.fundatiagusa.ro\/wp-content\/uploads\/2023\/06\/DSC08011-80x80.jpg 80w, https:\/\/www.fundatiagusa.ro\/wp-content\/uploads\/2023\/06\/DSC08011-105x105.jpg 105w, https:\/\/www.fundatiagusa.ro\/wp-content\/uploads\/2023\/06\/DSC08011-85x85.jpg 85w\" sizes=\"(max-width: 150px) 100vw, 150px\" \/><\/a>\n\t\t\t<\/div><\/figure><figure class='gallery-item'>\n\t\t\t<div class='gallery-icon landscape'>\n\t\t\t\t<a href='https:\/\/www.fundatiagusa.ro\/wp-content\/uploads\/2023\/06\/DSC08023.jpg'><img loading=\"lazy\" decoding=\"async\" width=\"150\" height=\"150\" src=\"https:\/\/www.fundatiagusa.ro\/wp-content\/uploads\/2023\/06\/DSC08023-150x150.jpg\" class=\"attachment-thumbnail size-thumbnail\" alt=\"\" srcset=\"https:\/\/www.fundatiagusa.ro\/wp-content\/uploads\/2023\/06\/DSC08023-150x150.jpg 150w, https:\/\/www.fundatiagusa.ro\/wp-content\/uploads\/2023\/06\/DSC08023-140x140.jpg 140w, https:\/\/www.fundatiagusa.ro\/wp-content\/uploads\/2023\/06\/DSC08023-80x80.jpg 80w, https:\/\/www.fundatiagusa.ro\/wp-content\/uploads\/2023\/06\/DSC08023-105x105.jpg 105w, https:\/\/www.fundatiagusa.ro\/wp-content\/uploads\/2023\/06\/DSC08023-85x85.jpg 85w\" sizes=\"(max-width: 150px) 100vw, 150px\" \/><\/a>\n\t\t\t<\/div><\/figure><figure class='gallery-item'>\n\t\t\t<div class='gallery-icon landscape'>\n\t\t\t\t<a href='https:\/\/www.fundatiagusa.ro\/wp-content\/uploads\/2023\/06\/DSC08030.jpg'><img loading=\"lazy\" decoding=\"async\" width=\"150\" height=\"150\" src=\"https:\/\/www.fundatiagusa.ro\/wp-content\/uploads\/2023\/06\/DSC08030-150x150.jpg\" class=\"attachment-thumbnail size-thumbnail\" alt=\"\" srcset=\"https:\/\/www.fundatiagusa.ro\/wp-content\/uploads\/2023\/06\/DSC08030-150x150.jpg 150w, https:\/\/www.fundatiagusa.ro\/wp-content\/uploads\/2023\/06\/DSC08030-140x140.jpg 140w, https:\/\/www.fundatiagusa.ro\/wp-content\/uploads\/2023\/06\/DSC08030-80x80.jpg 80w, https:\/\/www.fundatiagusa.ro\/wp-content\/uploads\/2023\/06\/DSC08030-105x105.jpg 105w, https:\/\/www.fundatiagusa.ro\/wp-content\/uploads\/2023\/06\/DSC08030-85x85.jpg 85w\" sizes=\"(max-width: 150px) 100vw, 150px\" \/><\/a>\n\t\t\t<\/div><\/figure><figure class='gallery-item'>\n\t\t\t<div class='gallery-icon portrait'>\n\t\t\t\t<a href='https:\/\/www.fundatiagusa.ro\/wp-content\/uploads\/2023\/06\/DSC08019.jpg'><img loading=\"lazy\" decoding=\"async\" width=\"150\" height=\"150\" src=\"https:\/\/www.fundatiagusa.ro\/wp-content\/uploads\/2023\/06\/DSC08019-150x150.jpg\" class=\"attachment-thumbnail size-thumbnail\" alt=\"\" srcset=\"https:\/\/www.fundatiagusa.ro\/wp-content\/uploads\/2023\/06\/DSC08019-150x150.jpg 150w, https:\/\/www.fundatiagusa.ro\/wp-content\/uploads\/2023\/06\/DSC08019-140x140.jpg 140w, https:\/\/www.fundatiagusa.ro\/wp-content\/uploads\/2023\/06\/DSC08019-80x80.jpg 80w, https:\/\/www.fundatiagusa.ro\/wp-content\/uploads\/2023\/06\/DSC08019-105x105.jpg 105w, https:\/\/www.fundatiagusa.ro\/wp-content\/uploads\/2023\/06\/DSC08019-85x85.jpg 85w\" sizes=\"(max-width: 150px) 100vw, 150px\" \/><\/a>\n\t\t\t<\/div><\/figure><figure class='gallery-item'>\n\t\t\t<div class='gallery-icon portrait'>\n\t\t\t\t<a href='https:\/\/www.fundatiagusa.ro\/wp-content\/uploads\/2023\/06\/DSC08006.jpg'><img loading=\"lazy\" decoding=\"async\" width=\"150\" height=\"150\" src=\"https:\/\/www.fundatiagusa.ro\/wp-content\/uploads\/2023\/06\/DSC08006-150x150.jpg\" class=\"attachment-thumbnail size-thumbnail\" alt=\"\" srcset=\"https:\/\/www.fundatiagusa.ro\/wp-content\/uploads\/2023\/06\/DSC08006-150x150.jpg 150w, https:\/\/www.fundatiagusa.ro\/wp-content\/uploads\/2023\/06\/DSC08006-140x140.jpg 140w, https:\/\/www.fundatiagusa.ro\/wp-content\/uploads\/2023\/06\/DSC08006-80x80.jpg 80w, https:\/\/www.fundatiagusa.ro\/wp-content\/uploads\/2023\/06\/DSC08006-105x105.jpg 105w, https:\/\/www.fundatiagusa.ro\/wp-content\/uploads\/2023\/06\/DSC08006-85x85.jpg 85w\" sizes=\"(max-width: 150px) 100vw, 150px\" \/><\/a>\n\t\t\t<\/div><\/figure><figure class='gallery-item'>\n\t\t\t<div class='gallery-icon portrait'>\n\t\t\t\t<a href='https:\/\/www.fundatiagusa.ro\/wp-content\/uploads\/2023\/06\/DSC08026.jpg'><img loading=\"lazy\" decoding=\"async\" width=\"150\" height=\"150\" src=\"https:\/\/www.fundatiagusa.ro\/wp-content\/uploads\/2023\/06\/DSC08026-150x150.jpg\" class=\"attachment-thumbnail size-thumbnail\" alt=\"\" srcset=\"https:\/\/www.fundatiagusa.ro\/wp-content\/uploads\/2023\/06\/DSC08026-150x150.jpg 150w, https:\/\/www.fundatiagusa.ro\/wp-content\/uploads\/2023\/06\/DSC08026-140x140.jpg 140w, https:\/\/www.fundatiagusa.ro\/wp-content\/uploads\/2023\/06\/DSC08026-80x80.jpg 80w, https:\/\/www.fundatiagusa.ro\/wp-content\/uploads\/2023\/06\/DSC08026-105x105.jpg 105w, https:\/\/www.fundatiagusa.ro\/wp-content\/uploads\/2023\/06\/DSC08026-85x85.jpg 85w\" sizes=\"(max-width: 150px) 100vw, 150px\" \/><\/a>\n\t\t\t<\/div><\/figure><figure class='gallery-item'>\n\t\t\t<div class='gallery-icon portrait'>\n\t\t\t\t<a href='https:\/\/www.fundatiagusa.ro\/wp-content\/uploads\/2023\/06\/DSC08024.jpg'><img loading=\"lazy\" decoding=\"async\" width=\"150\" height=\"150\" src=\"https:\/\/www.fundatiagusa.ro\/wp-content\/uploads\/2023\/06\/DSC08024-150x150.jpg\" class=\"attachment-thumbnail size-thumbnail\" alt=\"\" srcset=\"https:\/\/www.fundatiagusa.ro\/wp-content\/uploads\/2023\/06\/DSC08024-150x150.jpg 150w, https:\/\/www.fundatiagusa.ro\/wp-content\/uploads\/2023\/06\/DSC08024-140x140.jpg 140w, https:\/\/www.fundatiagusa.ro\/wp-content\/uploads\/2023\/06\/DSC08024-80x80.jpg 80w, https:\/\/www.fundatiagusa.ro\/wp-content\/uploads\/2023\/06\/DSC08024-105x105.jpg 105w, https:\/\/www.fundatiagusa.ro\/wp-content\/uploads\/2023\/06\/DSC08024-85x85.jpg 85w\" sizes=\"(max-width: 150px) 100vw, 150px\" \/><\/a>\n\t\t\t<\/div><\/figure><figure class='gallery-item'>\n\t\t\t<div class='gallery-icon portrait'>\n\t\t\t\t<a href='https:\/\/www.fundatiagusa.ro\/wp-content\/uploads\/2023\/06\/DSC08021.jpg'><img loading=\"lazy\" decoding=\"async\" width=\"150\" height=\"150\" src=\"https:\/\/www.fundatiagusa.ro\/wp-content\/uploads\/2023\/06\/DSC08021-150x150.jpg\" class=\"attachment-thumbnail size-thumbnail\" alt=\"\" srcset=\"https:\/\/www.fundatiagusa.ro\/wp-content\/uploads\/2023\/06\/DSC08021-150x150.jpg 150w, https:\/\/www.fundatiagusa.ro\/wp-content\/uploads\/2023\/06\/DSC08021-140x140.jpg 140w, https:\/\/www.fundatiagusa.ro\/wp-content\/uploads\/2023\/06\/DSC08021-80x80.jpg 80w, https:\/\/www.fundatiagusa.ro\/wp-content\/uploads\/2023\/06\/DSC08021-105x105.jpg 105w, https:\/\/www.fundatiagusa.ro\/wp-content\/uploads\/2023\/06\/DSC08021-85x85.jpg 85w\" sizes=\"(max-width: 150px) 100vw, 150px\" \/><\/a>\n\t\t\t<\/div><\/figure><figure class='gallery-item'>\n\t\t\t<div class='gallery-icon landscape'>\n\t\t\t\t<a href='https:\/\/www.fundatiagusa.ro\/wp-content\/uploads\/2023\/06\/DSC08035.jpg'><img loading=\"lazy\" decoding=\"async\" width=\"150\" height=\"150\" src=\"https:\/\/www.fundatiagusa.ro\/wp-content\/uploads\/2023\/06\/DSC08035-150x150.jpg\" class=\"attachment-thumbnail size-thumbnail\" alt=\"\" srcset=\"https:\/\/www.fundatiagusa.ro\/wp-content\/uploads\/2023\/06\/DSC08035-150x150.jpg 150w, https:\/\/www.fundatiagusa.ro\/wp-content\/uploads\/2023\/06\/DSC08035-140x140.jpg 140w, https:\/\/www.fundatiagusa.ro\/wp-content\/uploads\/2023\/06\/DSC08035-80x80.jpg 80w, https:\/\/www.fundatiagusa.ro\/wp-content\/uploads\/2023\/06\/DSC08035-105x105.jpg 105w, https:\/\/www.fundatiagusa.ro\/wp-content\/uploads\/2023\/06\/DSC08035-85x85.jpg 85w\" sizes=\"(max-width: 150px) 100vw, 150px\" \/><\/a>\n\t\t\t<\/div><\/figure><figure class='gallery-item'>\n\t\t\t<div class='gallery-icon portrait'>\n\t\t\t\t<a href='https:\/\/www.fundatiagusa.ro\/wp-content\/uploads\/2023\/06\/DSC08005.jpg'><img loading=\"lazy\" decoding=\"async\" width=\"150\" height=\"150\" src=\"https:\/\/www.fundatiagusa.ro\/wp-content\/uploads\/2023\/06\/DSC08005-150x150.jpg\" class=\"attachment-thumbnail size-thumbnail\" alt=\"\" srcset=\"https:\/\/www.fundatiagusa.ro\/wp-content\/uploads\/2023\/06\/DSC08005-150x150.jpg 150w, https:\/\/www.fundatiagusa.ro\/wp-content\/uploads\/2023\/06\/DSC08005-140x140.jpg 140w, https:\/\/www.fundatiagusa.ro\/wp-content\/uploads\/2023\/06\/DSC08005-80x80.jpg 80w, https:\/\/www.fundatiagusa.ro\/wp-content\/uploads\/2023\/06\/DSC08005-105x105.jpg 105w, https:\/\/www.fundatiagusa.ro\/wp-content\/uploads\/2023\/06\/DSC08005-85x85.jpg 85w\" sizes=\"(max-width: 150px) 100vw, 150px\" \/><\/a>\n\t\t\t<\/div><\/figure><figure class='gallery-item'>\n\t\t\t<div class='gallery-icon portrait'>\n\t\t\t\t<a href='https:\/\/www.fundatiagusa.ro\/wp-content\/uploads\/2023\/06\/DSC08029.jpg'><img loading=\"lazy\" decoding=\"async\" width=\"150\" height=\"150\" src=\"https:\/\/www.fundatiagusa.ro\/wp-content\/uploads\/2023\/06\/DSC08029-150x150.jpg\" class=\"attachment-thumbnail size-thumbnail\" alt=\"\" srcset=\"https:\/\/www.fundatiagusa.ro\/wp-content\/uploads\/2023\/06\/DSC08029-150x150.jpg 150w, https:\/\/www.fundatiagusa.ro\/wp-content\/uploads\/2023\/06\/DSC08029-140x140.jpg 140w, https:\/\/www.fundatiagusa.ro\/wp-content\/uploads\/2023\/06\/DSC08029-80x80.jpg 80w, https:\/\/www.fundatiagusa.ro\/wp-content\/uploads\/2023\/06\/DSC08029-105x105.jpg 105w, https:\/\/www.fundatiagusa.ro\/wp-content\/uploads\/2023\/06\/DSC08029-85x85.jpg 85w\" sizes=\"(max-width: 150px) 100vw, 150px\" \/><\/a>\n\t\t\t<\/div><\/figure><figure class='gallery-item'>\n\t\t\t<div class='gallery-icon landscape'>\n\t\t\t\t<a href='https:\/\/www.fundatiagusa.ro\/wp-content\/uploads\/2023\/06\/DSC08009.jpg'><img loading=\"lazy\" decoding=\"async\" width=\"150\" height=\"150\" src=\"https:\/\/www.fundatiagusa.ro\/wp-content\/uploads\/2023\/06\/DSC08009-150x150.jpg\" class=\"attachment-thumbnail size-thumbnail\" alt=\"\" srcset=\"https:\/\/www.fundatiagusa.ro\/wp-content\/uploads\/2023\/06\/DSC08009-150x150.jpg 150w, https:\/\/www.fundatiagusa.ro\/wp-content\/uploads\/2023\/06\/DSC08009-140x140.jpg 140w, https:\/\/www.fundatiagusa.ro\/wp-content\/uploads\/2023\/06\/DSC08009-80x80.jpg 80w, https:\/\/www.fundatiagusa.ro\/wp-content\/uploads\/2023\/06\/DSC08009-105x105.jpg 105w, https:\/\/www.fundatiagusa.ro\/wp-content\/uploads\/2023\/06\/DSC08009-85x85.jpg 85w\" sizes=\"(max-width: 150px) 100vw, 150px\" \/><\/a>\n\t\t\t<\/div><\/figure>\n\t\t<\/div>\n<\/div>\n\t\t\t\t<\/div>\n\t\t\t\t\t\t\t\t<\/div>\n\t\t\t\t<\/div>\n\t\t\t\t<\/div>\n\t\t\t\t\t<\/div>\n\t\t<\/div>\n\t\t\t\t\t<\/div>\n\t\t<\/section>\n\t\t\t\t<\/div>\n\t\t","protected":false},"excerpt":{"rendered":"<p>Program First quarterOctober 25, 2012 \u2013 Army Day: Laying of a wreath at the Tomb of the Unknown Soldier May\/June 2013 \u2013 Ascension of the Lord \u2013 Heroes\u2019 Day, military and religious ceremony at the Foundation in the village of Spataru (laying of wreaths, commemorative packages) Second quarter15.01.2013 \u2013 15.04.2013 \u2013 Payment of 10 monthly [&hellip;]<\/p>\n","protected":false},"author":2,"featured_media":0,"comment_status":"open","ping_status":"open","sticky":false,"template":"","format":"standard","meta":{"footnotes":""},"categories":[148],"tags":[],"class_list":["post-11256","post","type-post","status-publish","format-standard","hentry","category-activities-2013"],"_links":{"self":[{"href":"https:\/\/www.fundatiagusa.ro\/en\/wp-json\/wp\/v2\/posts\/11256","targetHints":{"allow":["GET"]}}],"collection":[{"href":"https:\/\/www.fundatiagusa.ro\/en\/wp-json\/wp\/v2\/posts"}],"about":[{"href":"https:\/\/www.fundatiagusa.ro\/en\/wp-json\/wp\/v2\/types\/post"}],"author":[{"embeddable":true,"href":"https:\/\/www.fundatiagusa.ro\/en\/wp-json\/wp\/v2\/users\/2"}],"replies":[{"embeddable":true,"href":"https:\/\/www.fundatiagusa.ro\/en\/wp-json\/wp\/v2\/comments?post=11256"}],"version-history":[{"count":22,"href":"https:\/\/www.fundatiagusa.ro\/en\/wp-json\/wp\/v2\/posts\/11256\/revisions"}],"predecessor-version":[{"id":11279,"href":"https:\/\/www.fundatiagusa.ro\/en\/wp-json\/wp\/v2\/posts\/11256\/revisions\/11279"}],"wp:attachment":[{"href":"https:\/\/www.fundatiagusa.ro\/en\/wp-json\/wp\/v2\/media?parent=11256"}],"wp:term":[{"taxonomy":"category","embeddable":true,"href":"https:\/\/www.fundatiagusa.ro\/en\/wp-json\/wp\/v2\/categories?post=11256"},{"taxonomy":"post_tag","embeddable":true,"href":"https:\/\/www.fundatiagusa.ro\/en\/wp-json\/wp\/v2\/tags?post=11256"}],"curies":[{"name":"wp","href":"https:\/\/api.w.org\/{rel}","templated":true}]}}