{"id":11280,"date":"2023-06-24T09:41:30","date_gmt":"2023-06-24T09:41:30","guid":{"rendered":"https:\/\/www.fundatiagusa.ro\/programe-activitati-2012\/"},"modified":"2026-04-28T06:57:17","modified_gmt":"2026-04-28T06:57:17","slug":"programe-activitati-2012","status":"publish","type":"post","link":"https:\/\/www.fundatiagusa.ro\/en\/programe-activitati-2012\/","title":{"rendered":"Programs &amp; Activities 2012"},"content":{"rendered":"\t\t<div data-elementor-type=\"wp-post\" data-elementor-id=\"11280\" class=\"elementor elementor-11280 elementor-5177\">\n\t\t\t\t\t\t<section class=\"elementor-section elementor-top-section elementor-element elementor-element-4f9c093 elementor-section-boxed elementor-section-height-default elementor-section-height-default\" data-id=\"4f9c093\" data-element_type=\"section\">\n\t\t\t\t\t\t<div class=\"elementor-container elementor-column-gap-default\">\n\t\t\t\t\t<div class=\"elementor-column elementor-col-100 elementor-top-column elementor-element elementor-element-1fe3e31\" data-id=\"1fe3e31\" data-element_type=\"column\">\n\t\t\t<div class=\"elementor-widget-wrap elementor-element-populated\">\n\t\t\t\t\t\t<div class=\"elementor-element elementor-element-d073fa7 elementor-widget elementor-widget-heading\" data-id=\"d073fa7\" data-element_type=\"widget\" data-widget_type=\"heading.default\">\n\t\t\t\t<div class=\"elementor-widget-container\">\n\t\t\t<style>\/*! elementor - v3.19.0 - 26-02-2024 *\/\n.elementor-heading-title{padding:0;margin:0;line-height:1}.elementor-widget-heading .elementor-heading-title[class*=elementor-size-]>a{color:inherit;font-size:inherit;line-height:inherit}.elementor-widget-heading .elementor-heading-title.elementor-size-small{font-size:15px}.elementor-widget-heading .elementor-heading-title.elementor-size-medium{font-size:19px}.elementor-widget-heading .elementor-heading-title.elementor-size-large{font-size:29px}.elementor-widget-heading .elementor-heading-title.elementor-size-xl{font-size:39px}.elementor-widget-heading .elementor-heading-title.elementor-size-xxl{font-size:59px}<\/style><h4 class=\"elementor-heading-title elementor-size-default\"><a href=\"#\">Program<\/a><\/h4>\t\t<\/div>\n\t\t\t\t<\/div>\n\t\t\t\t<div class=\"elementor-element elementor-element-1bbea3d elementor-widget elementor-widget-text-editor\" data-id=\"1bbea3d\" data-element_type=\"widget\" data-widget_type=\"text-editor.default\">\n\t\t\t\t<div class=\"elementor-widget-container\">\n\t\t\t<style>\/*! elementor - v3.19.0 - 26-02-2024 *\/\n.elementor-widget-text-editor.elementor-drop-cap-view-stacked .elementor-drop-cap{background-color:#69727d;color:#fff}.elementor-widget-text-editor.elementor-drop-cap-view-framed .elementor-drop-cap{color:#69727d;border:3px solid;background-color:transparent}.elementor-widget-text-editor:not(.elementor-drop-cap-view-default) .elementor-drop-cap{margin-top:8px}.elementor-widget-text-editor:not(.elementor-drop-cap-view-default) .elementor-drop-cap-letter{width:1em;height:1em}.elementor-widget-text-editor .elementor-drop-cap{float:left;text-align:center;line-height:1;font-size:50px}.elementor-widget-text-editor .elementor-drop-cap-letter{display:inline-block}<\/style>\t\t\t\t<p>\u2013 Ascension \u2013 Heroes\u2019 Day, military and religious ceremony in the village of Sp\u0103taru (laying of wreaths, commemorative packages)<\/p><p>\u2013 Granting of 10 monthly study scholarships (subsistence), for 9 months per year (October-June), to 3 military high school students, 3 non-commissioned officers school students, 3 cadets of the armed forces academies (land, air, naval) and one student of the Military Technical Acad.<\/p><p>\u2013 Delivery of the diplomas and prizes of the \u201cGeneral Stefan Gusa Foundation\u201d to the class leaders of the National Defence University \u201cCarol I\u201d, of the Military Technical Academy, of the Academies: Land Forces \u201cNicolae B\u0103lcescu\u201d Sibiu; Naval Forces \u201cMircea cel B\u0103tr\u00e2n\u201d Constan\u021ba; Air Forces \u201cHenri Coand\u0103\u201d Bra\u0219ov and of the military schools of masters and non-commissioned officers: of the Land Forces, \u201cBasarab I\u201d \u2013 Pitesti; of the Air Forces \u201cTraian Vuia\u201d \u2013 Boboc, of the Naval Forces \u201cAmiral Murgescu\u201d \u2013 Constan\u021ba.<\/p><p>\u2013 Prize and diploma of excellence of the Foundation for the best work of scientific research in the field of national security and defence, on the occasion of the annual international conference \u201cStrategie XXI\u201d at the National Defence University \u201cCarol I\u201d.<\/p><p>\u2013 Special prize of the \u201cFG\u0218G\u201d, a trip abroad (Italy), one student from each of the 3 Military High Schools with the Italian teacher accompanying them (3+1 persons).<\/p><p>\u2013 Two special prizes of the Foundation, one for the best military sportsman at the Winter Games and at the Summer Games of the Army.<\/p><p>Donation of books for the first prize to the authors of the works presented at the communication session of the students of the Faculties of Socio-human Sciences of the University of Pitesti.<\/p><p>\u2013 Donation of books for the first prize for the authors of the works presented at the communication session of the students of the Faculties of History organized by the University of Pite\u0219ti.<\/p><p>\u2013 Donation of history books and history books for the history competition of pupils and students of Buz\u0103u county organized on the occasion of the National Day.<\/p><p>\u2013 Sponsorship of editorial activities: elaboration, editing, printing of studies, books of military history and memoirs, printing of journals of military associations \u2013 Cult of Heroes, War Veterans, Military Reserves, as follows: one title of the book \u201cMilitary Attach\u00e9s Report\u201d Vol VI; one issue of the magazine \u201cHeroic Romania\u201d.<\/p><p>\u2013 Religious ceremony and gifts for the feast of St. Nicholas: school materials, sweets, fruit, etc. for the pupils of the General School of Sp\u0103taru.<\/p><p>\u2013 Donation of food, sweets, maintenance material, school material, Assoc. Saint Archdeacon Stephen, Parish of Ghencea<\/p>\t\t\t\t\t\t<\/div>\n\t\t\t\t<\/div>\n\t\t\t\t<div class=\"elementor-element elementor-element-33dc509 elementor-widget elementor-widget-heading\" data-id=\"33dc509\" data-element_type=\"widget\" data-widget_type=\"heading.default\">\n\t\t\t\t<div class=\"elementor-widget-container\">\n\t\t\t<h4 class=\"elementor-heading-title elementor-size-default\"><a href=\"#\">Activities<\/a><\/h4>\t\t<\/div>\n\t\t\t\t<\/div>\n\t\t\t\t<div class=\"elementor-element elementor-element-a9d85f9 elementor-widget elementor-widget-text-editor\" data-id=\"a9d85f9\" data-element_type=\"widget\" data-widget_type=\"text-editor.default\">\n\t\t\t\t<div class=\"elementor-widget-container\">\n\t\t\t\t\t\t\t<p><strong>20-25 February<\/strong> \u2013 From February 20 to 25 of this year the final phase of the winter competitions of applied military sports and winter sports for the combat units of the Ministry of National Defence took place in Vatra Dornei. On this occasion there were awarded the Diploma of Excellence and the Prize of the \u201cGeneral Stefan Gusa\u201d Foundation \u2026<\/p>\t\t\t\t\t\t<\/div>\n\t\t\t\t<\/div>\n\t\t\t\t\t<\/div>\n\t\t<\/div>\n\t\t\t\t\t<\/div>\n\t\t<\/section>\n\t\t\t\t<section class=\"elementor-section elementor-top-section elementor-element elementor-element-2576614 elementor-section-boxed elementor-section-height-default elementor-section-height-default\" data-id=\"2576614\" data-element_type=\"section\">\n\t\t\t\t\t\t<div class=\"elementor-container elementor-column-gap-default\">\n\t\t\t\t\t<div class=\"elementor-column elementor-col-100 elementor-top-column elementor-element elementor-element-5598fe1\" data-id=\"5598fe1\" data-element_type=\"column\">\n\t\t\t<div class=\"elementor-widget-wrap elementor-element-populated\">\n\t\t\t\t\t\t<div class=\"elementor-element elementor-element-84015de elementor-widget elementor-widget-toggle\" data-id=\"84015de\" data-element_type=\"widget\" data-widget_type=\"toggle.default\">\n\t\t\t\t<div class=\"elementor-widget-container\">\n\t\t\t<style>\/*! elementor - v3.19.0 - 26-02-2024 *\/\n.elementor-toggle{text-align:left}.elementor-toggle .elementor-tab-title{font-weight:700;line-height:1;margin:0;padding:15px;border-bottom:1px solid #d5d8dc;cursor:pointer;outline:none}.elementor-toggle .elementor-tab-title .elementor-toggle-icon{display:inline-block;width:1em}.elementor-toggle .elementor-tab-title .elementor-toggle-icon svg{margin-inline-start:-5px;width:1em;height:1em}.elementor-toggle .elementor-tab-title .elementor-toggle-icon.elementor-toggle-icon-right{float:right;text-align:right}.elementor-toggle .elementor-tab-title .elementor-toggle-icon.elementor-toggle-icon-left{float:left;text-align:left}.elementor-toggle .elementor-tab-title .elementor-toggle-icon .elementor-toggle-icon-closed{display:block}.elementor-toggle .elementor-tab-title .elementor-toggle-icon .elementor-toggle-icon-opened{display:none}.elementor-toggle .elementor-tab-title.elementor-active{border-bottom:none}.elementor-toggle .elementor-tab-title.elementor-active .elementor-toggle-icon-closed{display:none}.elementor-toggle .elementor-tab-title.elementor-active .elementor-toggle-icon-opened{display:block}.elementor-toggle .elementor-tab-content{padding:15px;border-bottom:1px solid #d5d8dc;display:none}@media (max-width:767px){.elementor-toggle .elementor-tab-title{padding:12px}.elementor-toggle .elementor-tab-content{padding:12px 10px}}.e-con-inner>.elementor-widget-toggle,.e-con>.elementor-widget-toggle{width:var(--container-widget-width);--flex-grow:var(--container-widget-flex-grow)}<\/style>\t\t<div class=\"elementor-toggle\">\n\t\t\t\t\t\t\t<div class=\"elementor-toggle-item\">\n\t\t\t\t\t<div id=\"elementor-tab-title-1381\" class=\"elementor-tab-title\" data-tab=\"1\" role=\"button\" aria-controls=\"elementor-tab-content-1381\" aria-expanded=\"false\">\n\t\t\t\t\t\t\t\t\t\t\t\t<span class=\"elementor-toggle-icon elementor-toggle-icon-left\" aria-hidden=\"true\">\n\t\t\t\t\t\t\t\t\t\t\t\t\t\t\t<span class=\"elementor-toggle-icon-closed\"><i class=\"fas fa-caret-right\"><\/i><\/span>\n\t\t\t\t\t\t\t\t<span class=\"elementor-toggle-icon-opened\"><i class=\"elementor-toggle-icon-opened fas fa-caret-up\"><\/i><\/span>\n\t\t\t\t\t\t\t\t\t\t\t\t\t<\/span>\n\t\t\t\t\t\t\t\t\t\t\t\t<a class=\"elementor-toggle-title\" tabindex=\"0\">discover the event<\/a>\n\t\t\t\t\t<\/div>\n\n\t\t\t\t\t<div id=\"elementor-tab-content-1381\" class=\"elementor-tab-content elementor-clearfix\" data-tab=\"1\" role=\"region\" aria-labelledby=\"elementor-tab-title-1381\"><p style=\"text-align: center;\"><strong>Vatra Dornei \u2013 Applied military winter competitions and winter sports<\/strong><\/p><p>From February 20 to 25 the final phase of the winter competitions of military sports and winter sports for the combat units of the Ministry of National Defence took place in Vatra Dornei. On this occasion there were delivered the Diploma of Excellence and the Prize of the \u201cGeneral Stefan Gusa\u201d Foundation in the amount of 1000,00 lei (235 euro) to the competitor with the most valuable performances, the non-commissioned officer C\u0103t\u0103lin Suciu of the Bg 81 Mountain Hunters, Bistri\u021ba. At the beginning of July, at the end of similar summer competitions, the Foundation will award the same honours to the best military sportsman. The diploma and the prize were established in conformity with the Regulation on diplomas, prizes and scholarships of the \u201cGeneral Stefan Gusa\u201d and will be awarded annually.<\/p><p>\u00a0<\/p><table class=\"italic-mic, noPopup\" border=\"0\" align=\"center\"><tbody><tr><td><strong>Delivery of the diploma<\/strong><\/td><td><strong>Vatra Dornei &#8211; video<\/strong><\/td><\/tr><tr><td><img fetchpriority=\"high\" decoding=\"async\" class=\"alignnone size-medium wp-image-5185\" src=\"https:\/\/www.fundatiagusa.ro\/wp-content\/uploads\/2023\/06\/Suciu-Claudiu-diploma-300x201.jpg\" alt=\"\" width=\"300\" height=\"201\" srcset=\"https:\/\/www.fundatiagusa.ro\/wp-content\/uploads\/2023\/06\/Suciu-Claudiu-diploma-300x201.jpg 300w, https:\/\/www.fundatiagusa.ro\/wp-content\/uploads\/2023\/06\/Suciu-Claudiu-diploma-768x515.jpg 768w, https:\/\/www.fundatiagusa.ro\/wp-content\/uploads\/2023\/06\/Suciu-Claudiu-diploma.jpg 800w\" sizes=\"(max-width: 300px) 100vw, 300px\" \/><\/td><td><iframe title=\"YouTube video player\" src=\"https:\/\/www.youtube.com\/embed\/ziDiHEGSIJo\" width=\"300\" height=\"201\" frameborder=\"0\" allowfullscreen=\"allowfullscreen\"><\/iframe><\/td><\/tr><\/tbody><\/table><p>\u00a0<\/p><p>\u00a0<\/p><\/div>\n\t\t\t\t<\/div>\n\t\t\t\t\t\t\t\t<\/div>\n\t\t\t\t<\/div>\n\t\t\t\t<\/div>\n\t\t\t\t\t<\/div>\n\t\t<\/div>\n\t\t\t\t\t<\/div>\n\t\t<\/section>\n\t\t\t\t<section class=\"elementor-section elementor-top-section elementor-element elementor-element-c00709d elementor-section-boxed elementor-section-height-default elementor-section-height-default\" data-id=\"c00709d\" data-element_type=\"section\">\n\t\t\t\t\t\t<div class=\"elementor-container elementor-column-gap-default\">\n\t\t\t\t\t<div class=\"elementor-column elementor-col-100 elementor-top-column elementor-element elementor-element-08ffaa7\" data-id=\"08ffaa7\" data-element_type=\"column\">\n\t\t\t<div class=\"elementor-widget-wrap elementor-element-populated\">\n\t\t\t\t\t\t<div class=\"elementor-element elementor-element-4aff279 elementor-widget elementor-widget-text-editor\" data-id=\"4aff279\" data-element_type=\"widget\" data-widget_type=\"text-editor.default\">\n\t\t\t\t<div class=\"elementor-widget-container\">\n\t\t\t\t\t\t\t<p><strong>25 April \u2013 04 May<\/strong> \u2013 From April 25 to May 4 the third instalment of the study scholarships of the \u201cGeneral Stefan Gusa\u201d Foundation was paid to 10 scholarship holders, military students and pupils of the Military Technical Academy, of the Academies and of the Military Schools of the categories Masters and Non-Commissioned Officers of the Armed Forces. The total amount was 4050,00 lei<\/p><p><strong>24.05.2012<\/strong> \u2013 On May 24, 2012, on the occasion of Heroes\u2019 Day, the General Stefan Gusa Foundation organized, in collaboration with the Prefecture and the Military Garrison of Buzau, a religious and military ceremony at the monument of the Hero General Stefan Gusa in the village of Spataru. Wreaths were laid in the name of the Foundation and of the Gusa family, of the Prefecture and of the Garrison of Buzau, of the Information Service of Buzau, of the War Veterans, of the General Stefan Gusa General School of Spataru and of the Municipality of Costesti, of the Association of Reservists of the City of Mizil, of the PNL, etc.<\/p>\t\t\t\t\t\t<\/div>\n\t\t\t\t<\/div>\n\t\t\t\t\t<\/div>\n\t\t<\/div>\n\t\t\t\t\t<\/div>\n\t\t<\/section>\n\t\t\t\t<section class=\"elementor-section elementor-top-section elementor-element elementor-element-485e177 elementor-section-boxed elementor-section-height-default elementor-section-height-default\" data-id=\"485e177\" data-element_type=\"section\">\n\t\t\t\t\t\t<div class=\"elementor-container elementor-column-gap-default\">\n\t\t\t\t\t<div class=\"elementor-column elementor-col-100 elementor-top-column elementor-element elementor-element-f220a76\" data-id=\"f220a76\" data-element_type=\"column\">\n\t\t\t<div class=\"elementor-widget-wrap elementor-element-populated\">\n\t\t\t\t\t\t<div class=\"elementor-element elementor-element-8d46b63 elementor-widget elementor-widget-toggle\" data-id=\"8d46b63\" data-element_type=\"widget\" data-widget_type=\"toggle.default\">\n\t\t\t\t<div class=\"elementor-widget-container\">\n\t\t\t\t\t<div class=\"elementor-toggle\">\n\t\t\t\t\t\t\t<div class=\"elementor-toggle-item\">\n\t\t\t\t\t<div id=\"elementor-tab-title-1481\" class=\"elementor-tab-title\" data-tab=\"1\" role=\"button\" aria-controls=\"elementor-tab-content-1481\" aria-expanded=\"false\">\n\t\t\t\t\t\t\t\t\t\t\t\t<span class=\"elementor-toggle-icon elementor-toggle-icon-left\" aria-hidden=\"true\">\n\t\t\t\t\t\t\t\t\t\t\t\t\t\t\t<span class=\"elementor-toggle-icon-closed\"><i class=\"fas fa-caret-right\"><\/i><\/span>\n\t\t\t\t\t\t\t\t<span class=\"elementor-toggle-icon-opened\"><i class=\"elementor-toggle-icon-opened fas fa-caret-up\"><\/i><\/span>\n\t\t\t\t\t\t\t\t\t\t\t\t\t<\/span>\n\t\t\t\t\t\t\t\t\t\t\t\t<a class=\"elementor-toggle-title\" tabindex=\"0\">discover the event<\/a>\n\t\t\t\t\t<\/div>\n\n\t\t\t\t\t<div id=\"elementor-tab-content-1481\" class=\"elementor-tab-content elementor-clearfix\" data-tab=\"1\" role=\"region\" aria-labelledby=\"elementor-tab-title-1481\"><p style=\"text-align: center;\"><strong>Heroes\u2019 Day<\/strong><br \/><strong>May 24, 2012<\/strong><\/p><p>On May 24 of this year, on the occasion of Heroes\u2019 Day \u2013 Heroes\u2019 Day \u2013 the General Stefan Gusa Foundation organized in collaboration with the Prefecture and the Military Garrison of Buzau a religious and military ceremony at the monument of the Hero General Stefan Gusa in the village of Spataru. Wreaths were laid in the name of the Foundation and of the Gusa family, of the Prefecture and of the Garrison of Buzau, of the Information Service of Buzau, of the War Veterans, of the General Stefan Gusa General School of Spataru and of the Municipality of Costesti, of the Association of Reservists of the City of Mizil, of the PNL, etc. The family offered remembrance packages to all the participants \u2013 over 300, among whom generals and commanding officers of the UM of the city and county, reserve soldiers, veterans, priests, inhabitants of the village of Spataru\u201d.<\/p><div id='gallery-1' class='gallery galleryid-11280 gallery-columns-4 gallery-size-thumbnail'><figure class='gallery-item'>\n\t\t\t<div class='gallery-icon portrait'>\n\t\t\t\t<a href='https:\/\/www.fundatiagusa.ro\/wp-content\/uploads\/2023\/06\/big_DSC09195.jpg'><img decoding=\"async\" width=\"150\" height=\"150\" src=\"https:\/\/www.fundatiagusa.ro\/wp-content\/uploads\/2023\/06\/big_DSC09195-150x150.jpg\" class=\"attachment-thumbnail size-thumbnail\" alt=\"\" srcset=\"https:\/\/www.fundatiagusa.ro\/wp-content\/uploads\/2023\/06\/big_DSC09195-150x150.jpg 150w, https:\/\/www.fundatiagusa.ro\/wp-content\/uploads\/2023\/06\/big_DSC09195-140x140.jpg 140w, https:\/\/www.fundatiagusa.ro\/wp-content\/uploads\/2023\/06\/big_DSC09195-80x80.jpg 80w, https:\/\/www.fundatiagusa.ro\/wp-content\/uploads\/2023\/06\/big_DSC09195-105x105.jpg 105w, https:\/\/www.fundatiagusa.ro\/wp-content\/uploads\/2023\/06\/big_DSC09195-85x85.jpg 85w\" sizes=\"(max-width: 150px) 100vw, 150px\" \/><\/a>\n\t\t\t<\/div><\/figure><figure class='gallery-item'>\n\t\t\t<div class='gallery-icon portrait'>\n\t\t\t\t<a href='https:\/\/www.fundatiagusa.ro\/wp-content\/uploads\/2023\/06\/big_DSC09202.jpg'><img decoding=\"async\" width=\"150\" height=\"150\" src=\"https:\/\/www.fundatiagusa.ro\/wp-content\/uploads\/2023\/06\/big_DSC09202-150x150.jpg\" class=\"attachment-thumbnail size-thumbnail\" alt=\"\" srcset=\"https:\/\/www.fundatiagusa.ro\/wp-content\/uploads\/2023\/06\/big_DSC09202-150x150.jpg 150w, https:\/\/www.fundatiagusa.ro\/wp-content\/uploads\/2023\/06\/big_DSC09202-140x140.jpg 140w, https:\/\/www.fundatiagusa.ro\/wp-content\/uploads\/2023\/06\/big_DSC09202-80x80.jpg 80w, https:\/\/www.fundatiagusa.ro\/wp-content\/uploads\/2023\/06\/big_DSC09202-105x105.jpg 105w, https:\/\/www.fundatiagusa.ro\/wp-content\/uploads\/2023\/06\/big_DSC09202-85x85.jpg 85w\" sizes=\"(max-width: 150px) 100vw, 150px\" \/><\/a>\n\t\t\t<\/div><\/figure><figure class='gallery-item'>\n\t\t\t<div class='gallery-icon landscape'>\n\t\t\t\t<a href='https:\/\/www.fundatiagusa.ro\/wp-content\/uploads\/2023\/06\/P5241161.jpg'><img loading=\"lazy\" decoding=\"async\" width=\"150\" height=\"150\" src=\"https:\/\/www.fundatiagusa.ro\/wp-content\/uploads\/2023\/06\/P5241161-150x150.jpg\" class=\"attachment-thumbnail size-thumbnail\" alt=\"\" srcset=\"https:\/\/www.fundatiagusa.ro\/wp-content\/uploads\/2023\/06\/P5241161-150x150.jpg 150w, https:\/\/www.fundatiagusa.ro\/wp-content\/uploads\/2023\/06\/P5241161-140x140.jpg 140w, https:\/\/www.fundatiagusa.ro\/wp-content\/uploads\/2023\/06\/P5241161-80x80.jpg 80w, https:\/\/www.fundatiagusa.ro\/wp-content\/uploads\/2023\/06\/P5241161-105x105.jpg 105w, https:\/\/www.fundatiagusa.ro\/wp-content\/uploads\/2023\/06\/P5241161-85x85.jpg 85w\" sizes=\"(max-width: 150px) 100vw, 150px\" \/><\/a>\n\t\t\t<\/div><\/figure><figure class='gallery-item'>\n\t\t\t<div class='gallery-icon landscape'>\n\t\t\t\t<a href='https:\/\/www.fundatiagusa.ro\/wp-content\/uploads\/2023\/06\/P5241158.jpg'><img loading=\"lazy\" decoding=\"async\" width=\"150\" height=\"150\" src=\"https:\/\/www.fundatiagusa.ro\/wp-content\/uploads\/2023\/06\/P5241158-150x150.jpg\" class=\"attachment-thumbnail size-thumbnail\" alt=\"\" srcset=\"https:\/\/www.fundatiagusa.ro\/wp-content\/uploads\/2023\/06\/P5241158-150x150.jpg 150w, https:\/\/www.fundatiagusa.ro\/wp-content\/uploads\/2023\/06\/P5241158-140x140.jpg 140w, https:\/\/www.fundatiagusa.ro\/wp-content\/uploads\/2023\/06\/P5241158-80x80.jpg 80w, https:\/\/www.fundatiagusa.ro\/wp-content\/uploads\/2023\/06\/P5241158-105x105.jpg 105w, https:\/\/www.fundatiagusa.ro\/wp-content\/uploads\/2023\/06\/P5241158-85x85.jpg 85w\" sizes=\"(max-width: 150px) 100vw, 150px\" \/><\/a>\n\t\t\t<\/div><\/figure><figure class='gallery-item'>\n\t\t\t<div class='gallery-icon portrait'>\n\t\t\t\t<a href='https:\/\/www.fundatiagusa.ro\/wp-content\/uploads\/2023\/06\/big_DSC09186.jpg'><img loading=\"lazy\" decoding=\"async\" width=\"150\" height=\"150\" src=\"https:\/\/www.fundatiagusa.ro\/wp-content\/uploads\/2023\/06\/big_DSC09186-150x150.jpg\" class=\"attachment-thumbnail size-thumbnail\" alt=\"\" srcset=\"https:\/\/www.fundatiagusa.ro\/wp-content\/uploads\/2023\/06\/big_DSC09186-150x150.jpg 150w, https:\/\/www.fundatiagusa.ro\/wp-content\/uploads\/2023\/06\/big_DSC09186-140x140.jpg 140w, https:\/\/www.fundatiagusa.ro\/wp-content\/uploads\/2023\/06\/big_DSC09186-80x80.jpg 80w, https:\/\/www.fundatiagusa.ro\/wp-content\/uploads\/2023\/06\/big_DSC09186-105x105.jpg 105w, https:\/\/www.fundatiagusa.ro\/wp-content\/uploads\/2023\/06\/big_DSC09186-85x85.jpg 85w\" sizes=\"(max-width: 150px) 100vw, 150px\" \/><\/a>\n\t\t\t<\/div><\/figure><figure class='gallery-item'>\n\t\t\t<div class='gallery-icon portrait'>\n\t\t\t\t<a href='https:\/\/www.fundatiagusa.ro\/wp-content\/uploads\/2023\/06\/big_DSC09196.jpg'><img loading=\"lazy\" decoding=\"async\" width=\"150\" height=\"150\" src=\"https:\/\/www.fundatiagusa.ro\/wp-content\/uploads\/2023\/06\/big_DSC09196-150x150.jpg\" class=\"attachment-thumbnail size-thumbnail\" alt=\"\" srcset=\"https:\/\/www.fundatiagusa.ro\/wp-content\/uploads\/2023\/06\/big_DSC09196-150x150.jpg 150w, https:\/\/www.fundatiagusa.ro\/wp-content\/uploads\/2023\/06\/big_DSC09196-140x140.jpg 140w, https:\/\/www.fundatiagusa.ro\/wp-content\/uploads\/2023\/06\/big_DSC09196-80x80.jpg 80w, https:\/\/www.fundatiagusa.ro\/wp-content\/uploads\/2023\/06\/big_DSC09196-105x105.jpg 105w, https:\/\/www.fundatiagusa.ro\/wp-content\/uploads\/2023\/06\/big_DSC09196-85x85.jpg 85w\" sizes=\"(max-width: 150px) 100vw, 150px\" \/><\/a>\n\t\t\t<\/div><\/figure><figure class='gallery-item'>\n\t\t\t<div class='gallery-icon landscape'>\n\t\t\t\t<a href='https:\/\/www.fundatiagusa.ro\/wp-content\/uploads\/2023\/06\/DSC09198.jpg'><img loading=\"lazy\" decoding=\"async\" width=\"150\" height=\"150\" src=\"https:\/\/www.fundatiagusa.ro\/wp-content\/uploads\/2023\/06\/DSC09198-150x150.jpg\" class=\"attachment-thumbnail size-thumbnail\" alt=\"\" srcset=\"https:\/\/www.fundatiagusa.ro\/wp-content\/uploads\/2023\/06\/DSC09198-150x150.jpg 150w, https:\/\/www.fundatiagusa.ro\/wp-content\/uploads\/2023\/06\/DSC09198-140x140.jpg 140w, https:\/\/www.fundatiagusa.ro\/wp-content\/uploads\/2023\/06\/DSC09198-80x80.jpg 80w, https:\/\/www.fundatiagusa.ro\/wp-content\/uploads\/2023\/06\/DSC09198-105x105.jpg 105w, https:\/\/www.fundatiagusa.ro\/wp-content\/uploads\/2023\/06\/DSC09198-85x85.jpg 85w\" sizes=\"(max-width: 150px) 100vw, 150px\" \/><\/a>\n\t\t\t<\/div><\/figure><figure class='gallery-item'>\n\t\t\t<div class='gallery-icon landscape'>\n\t\t\t\t<a href='https:\/\/www.fundatiagusa.ro\/wp-content\/uploads\/2023\/06\/P5241148.jpg'><img loading=\"lazy\" decoding=\"async\" width=\"150\" height=\"150\" src=\"https:\/\/www.fundatiagusa.ro\/wp-content\/uploads\/2023\/06\/P5241148-150x150.jpg\" class=\"attachment-thumbnail size-thumbnail\" alt=\"\" srcset=\"https:\/\/www.fundatiagusa.ro\/wp-content\/uploads\/2023\/06\/P5241148-150x150.jpg 150w, https:\/\/www.fundatiagusa.ro\/wp-content\/uploads\/2023\/06\/P5241148-140x140.jpg 140w, https:\/\/www.fundatiagusa.ro\/wp-content\/uploads\/2023\/06\/P5241148-80x80.jpg 80w, https:\/\/www.fundatiagusa.ro\/wp-content\/uploads\/2023\/06\/P5241148-105x105.jpg 105w, https:\/\/www.fundatiagusa.ro\/wp-content\/uploads\/2023\/06\/P5241148-85x85.jpg 85w\" sizes=\"(max-width: 150px) 100vw, 150px\" \/><\/a>\n\t\t\t<\/div><\/figure><figure class='gallery-item'>\n\t\t\t<div class='gallery-icon portrait'>\n\t\t\t\t<a href='https:\/\/www.fundatiagusa.ro\/wp-content\/uploads\/2023\/06\/big_DSC09185.jpg'><img loading=\"lazy\" decoding=\"async\" width=\"150\" height=\"150\" src=\"https:\/\/www.fundatiagusa.ro\/wp-content\/uploads\/2023\/06\/big_DSC09185-150x150.jpg\" class=\"attachment-thumbnail size-thumbnail\" alt=\"\" srcset=\"https:\/\/www.fundatiagusa.ro\/wp-content\/uploads\/2023\/06\/big_DSC09185-150x150.jpg 150w, https:\/\/www.fundatiagusa.ro\/wp-content\/uploads\/2023\/06\/big_DSC09185-140x140.jpg 140w, https:\/\/www.fundatiagusa.ro\/wp-content\/uploads\/2023\/06\/big_DSC09185-80x80.jpg 80w, https:\/\/www.fundatiagusa.ro\/wp-content\/uploads\/2023\/06\/big_DSC09185-105x105.jpg 105w, https:\/\/www.fundatiagusa.ro\/wp-content\/uploads\/2023\/06\/big_DSC09185-85x85.jpg 85w\" sizes=\"(max-width: 150px) 100vw, 150px\" \/><\/a>\n\t\t\t<\/div><\/figure><figure class='gallery-item'>\n\t\t\t<div class='gallery-icon landscape'>\n\t\t\t\t<a href='https:\/\/www.fundatiagusa.ro\/wp-content\/uploads\/2023\/06\/DSC09192.jpg'><img loading=\"lazy\" decoding=\"async\" width=\"150\" height=\"150\" src=\"https:\/\/www.fundatiagusa.ro\/wp-content\/uploads\/2023\/06\/DSC09192-150x150.jpg\" class=\"attachment-thumbnail size-thumbnail\" alt=\"\" srcset=\"https:\/\/www.fundatiagusa.ro\/wp-content\/uploads\/2023\/06\/DSC09192-150x150.jpg 150w, https:\/\/www.fundatiagusa.ro\/wp-content\/uploads\/2023\/06\/DSC09192-140x140.jpg 140w, https:\/\/www.fundatiagusa.ro\/wp-content\/uploads\/2023\/06\/DSC09192-80x80.jpg 80w, https:\/\/www.fundatiagusa.ro\/wp-content\/uploads\/2023\/06\/DSC09192-105x105.jpg 105w, https:\/\/www.fundatiagusa.ro\/wp-content\/uploads\/2023\/06\/DSC09192-85x85.jpg 85w\" sizes=\"(max-width: 150px) 100vw, 150px\" \/><\/a>\n\t\t\t<\/div><\/figure><figure class='gallery-item'>\n\t\t\t<div class='gallery-icon landscape'>\n\t\t\t\t<a href='https:\/\/www.fundatiagusa.ro\/wp-content\/uploads\/2023\/06\/DSC09189.jpg'><img loading=\"lazy\" decoding=\"async\" width=\"150\" height=\"150\" src=\"https:\/\/www.fundatiagusa.ro\/wp-content\/uploads\/2023\/06\/DSC09189-150x150.jpg\" class=\"attachment-thumbnail size-thumbnail\" alt=\"\" srcset=\"https:\/\/www.fundatiagusa.ro\/wp-content\/uploads\/2023\/06\/DSC09189-150x150.jpg 150w, https:\/\/www.fundatiagusa.ro\/wp-content\/uploads\/2023\/06\/DSC09189-140x140.jpg 140w, https:\/\/www.fundatiagusa.ro\/wp-content\/uploads\/2023\/06\/DSC09189-80x80.jpg 80w, https:\/\/www.fundatiagusa.ro\/wp-content\/uploads\/2023\/06\/DSC09189-105x105.jpg 105w, https:\/\/www.fundatiagusa.ro\/wp-content\/uploads\/2023\/06\/DSC09189-85x85.jpg 85w\" sizes=\"(max-width: 150px) 100vw, 150px\" \/><\/a>\n\t\t\t<\/div><\/figure><figure class='gallery-item'>\n\t\t\t<div class='gallery-icon landscape'>\n\t\t\t\t<a href='https:\/\/www.fundatiagusa.ro\/wp-content\/uploads\/2023\/06\/P5241156.jpg'><img loading=\"lazy\" decoding=\"async\" width=\"150\" height=\"150\" src=\"https:\/\/www.fundatiagusa.ro\/wp-content\/uploads\/2023\/06\/P5241156-150x150.jpg\" class=\"attachment-thumbnail size-thumbnail\" alt=\"\" srcset=\"https:\/\/www.fundatiagusa.ro\/wp-content\/uploads\/2023\/06\/P5241156-150x150.jpg 150w, https:\/\/www.fundatiagusa.ro\/wp-content\/uploads\/2023\/06\/P5241156-140x140.jpg 140w, https:\/\/www.fundatiagusa.ro\/wp-content\/uploads\/2023\/06\/P5241156-80x80.jpg 80w, https:\/\/www.fundatiagusa.ro\/wp-content\/uploads\/2023\/06\/P5241156-105x105.jpg 105w, https:\/\/www.fundatiagusa.ro\/wp-content\/uploads\/2023\/06\/P5241156-85x85.jpg 85w\" sizes=\"(max-width: 150px) 100vw, 150px\" \/><\/a>\n\t\t\t<\/div><\/figure>\n\t\t<\/div>\n<\/div>\n\t\t\t\t<\/div>\n\t\t\t\t\t\t\t\t<\/div>\n\t\t\t\t<\/div>\n\t\t\t\t<\/div>\n\t\t\t\t\t<\/div>\n\t\t<\/div>\n\t\t\t\t\t<\/div>\n\t\t<\/section>\n\t\t\t\t<section class=\"elementor-section elementor-top-section elementor-element elementor-element-5fe7e8f elementor-section-boxed elementor-section-height-default elementor-section-height-default\" data-id=\"5fe7e8f\" data-element_type=\"section\">\n\t\t\t\t\t\t<div class=\"elementor-container elementor-column-gap-default\">\n\t\t\t\t\t<div class=\"elementor-column elementor-col-100 elementor-top-column elementor-element elementor-element-e2edb67\" data-id=\"e2edb67\" data-element_type=\"column\">\n\t\t\t<div class=\"elementor-widget-wrap elementor-element-populated\">\n\t\t\t\t\t\t<div class=\"elementor-element elementor-element-9bc9dbe elementor-widget elementor-widget-text-editor\" data-id=\"9bc9dbe\" data-element_type=\"widget\" data-widget_type=\"text-editor.default\">\n\t\t\t\t<div class=\"elementor-widget-container\">\n\t\t\t\t\t\t\t<p><strong>24.06.2012 \u2013 29.06.2012<\/strong> \u2013 From June 24 to 29, 2012, a group of students of the military high schools, beneficiaries of the prize \u201cTrip to Italy\u201d of the \u201cGeneral Stefan Gusa\u201d Foundation, went on a trip to Italy. The group was composed of students.<\/p>\t\t\t\t\t\t<\/div>\n\t\t\t\t<\/div>\n\t\t\t\t\t<\/div>\n\t\t<\/div>\n\t\t\t\t\t<\/div>\n\t\t<\/section>\n\t\t\t\t<section class=\"elementor-section elementor-top-section elementor-element elementor-element-fefed1b elementor-section-boxed elementor-section-height-default elementor-section-height-default\" data-id=\"fefed1b\" data-element_type=\"section\">\n\t\t\t\t\t\t<div class=\"elementor-container elementor-column-gap-default\">\n\t\t\t\t\t<div class=\"elementor-column elementor-col-100 elementor-top-column elementor-element elementor-element-f3e55f1\" data-id=\"f3e55f1\" data-element_type=\"column\">\n\t\t\t<div class=\"elementor-widget-wrap elementor-element-populated\">\n\t\t\t\t\t\t<div class=\"elementor-element elementor-element-8eda103 elementor-widget elementor-widget-toggle\" data-id=\"8eda103\" data-element_type=\"widget\" data-widget_type=\"toggle.default\">\n\t\t\t\t<div class=\"elementor-widget-container\">\n\t\t\t\t\t<div class=\"elementor-toggle\">\n\t\t\t\t\t\t\t<div class=\"elementor-toggle-item\">\n\t\t\t\t\t<div id=\"elementor-tab-title-1491\" class=\"elementor-tab-title\" data-tab=\"1\" role=\"button\" aria-controls=\"elementor-tab-content-1491\" aria-expanded=\"false\">\n\t\t\t\t\t\t\t\t\t\t\t\t<span class=\"elementor-toggle-icon elementor-toggle-icon-left\" aria-hidden=\"true\">\n\t\t\t\t\t\t\t\t\t\t\t\t\t\t\t<span class=\"elementor-toggle-icon-closed\"><i class=\"fas fa-caret-right\"><\/i><\/span>\n\t\t\t\t\t\t\t\t<span class=\"elementor-toggle-icon-opened\"><i class=\"elementor-toggle-icon-opened fas fa-caret-up\"><\/i><\/span>\n\t\t\t\t\t\t\t\t\t\t\t\t\t<\/span>\n\t\t\t\t\t\t\t\t\t\t\t\t<a class=\"elementor-toggle-title\" tabindex=\"0\">discover the event<\/a>\n\t\t\t\t\t<\/div>\n\n\t\t\t\t\t<div id=\"elementor-tab-content-1491\" class=\"elementor-tab-content elementor-clearfix\" data-tab=\"1\" role=\"region\" aria-labelledby=\"elementor-tab-title-1491\"><p><strong>24.06.2012 \u2013 29.06.2012<\/strong> \u2013 From June 24 to 29, 2012, the group of students of the military high schools, beneficiaries of the prize \u201cTrip to Italy\u201d of the \u201cGeneral Stefan Gusa\u201d Foundation, took part in a trip. The group was composed of the students: URIAN D. Paul-D\u0103nu\u021b, College \u201cMihai Viteazul\u201d; ANDREESCU I. Constantin, College \u201cDimitrie Cantemir\u201d and BACIU D. Cristinel-Florin, College \u201cStefan cel Mare\u201d. Group leader, prof. Carmen-Cecilia ROMAN. The cultural and tourist attractions of Milan, Venice and Florence were visited.<\/p><div id='gallery-2' class='gallery galleryid-11280 gallery-columns-4 gallery-size-thumbnail'><figure class='gallery-item'>\n\t\t\t<div class='gallery-icon landscape'>\n\t\t\t\t<a href='https:\/\/www.fundatiagusa.ro\/wp-content\/uploads\/2023\/06\/P6250001.jpg'><img loading=\"lazy\" decoding=\"async\" width=\"150\" height=\"150\" src=\"https:\/\/www.fundatiagusa.ro\/wp-content\/uploads\/2023\/06\/P6250001-150x150.jpg\" class=\"attachment-thumbnail size-thumbnail\" alt=\"\" srcset=\"https:\/\/www.fundatiagusa.ro\/wp-content\/uploads\/2023\/06\/P6250001-150x150.jpg 150w, https:\/\/www.fundatiagusa.ro\/wp-content\/uploads\/2023\/06\/P6250001-140x140.jpg 140w, https:\/\/www.fundatiagusa.ro\/wp-content\/uploads\/2023\/06\/P6250001-80x80.jpg 80w, https:\/\/www.fundatiagusa.ro\/wp-content\/uploads\/2023\/06\/P6250001-105x105.jpg 105w, https:\/\/www.fundatiagusa.ro\/wp-content\/uploads\/2023\/06\/P6250001-85x85.jpg 85w\" sizes=\"(max-width: 150px) 100vw, 150px\" \/><\/a>\n\t\t\t<\/div><\/figure><figure class='gallery-item'>\n\t\t\t<div class='gallery-icon landscape'>\n\t\t\t\t<a href='https:\/\/www.fundatiagusa.ro\/wp-content\/uploads\/2023\/06\/P6250009.jpg'><img loading=\"lazy\" decoding=\"async\" width=\"150\" height=\"150\" src=\"https:\/\/www.fundatiagusa.ro\/wp-content\/uploads\/2023\/06\/P6250009-150x150.jpg\" class=\"attachment-thumbnail size-thumbnail\" alt=\"\" srcset=\"https:\/\/www.fundatiagusa.ro\/wp-content\/uploads\/2023\/06\/P6250009-150x150.jpg 150w, https:\/\/www.fundatiagusa.ro\/wp-content\/uploads\/2023\/06\/P6250009-140x140.jpg 140w, https:\/\/www.fundatiagusa.ro\/wp-content\/uploads\/2023\/06\/P6250009-80x80.jpg 80w, https:\/\/www.fundatiagusa.ro\/wp-content\/uploads\/2023\/06\/P6250009-105x105.jpg 105w, https:\/\/www.fundatiagusa.ro\/wp-content\/uploads\/2023\/06\/P6250009-85x85.jpg 85w\" sizes=\"(max-width: 150px) 100vw, 150px\" \/><\/a>\n\t\t\t<\/div><\/figure><figure class='gallery-item'>\n\t\t\t<div class='gallery-icon portrait'>\n\t\t\t\t<a href='https:\/\/www.fundatiagusa.ro\/wp-content\/uploads\/2023\/06\/P6260034.jpg'><img loading=\"lazy\" decoding=\"async\" width=\"150\" height=\"150\" src=\"https:\/\/www.fundatiagusa.ro\/wp-content\/uploads\/2023\/06\/P6260034-150x150.jpg\" class=\"attachment-thumbnail size-thumbnail\" alt=\"\" srcset=\"https:\/\/www.fundatiagusa.ro\/wp-content\/uploads\/2023\/06\/P6260034-150x150.jpg 150w, https:\/\/www.fundatiagusa.ro\/wp-content\/uploads\/2023\/06\/P6260034-140x140.jpg 140w, https:\/\/www.fundatiagusa.ro\/wp-content\/uploads\/2023\/06\/P6260034-80x80.jpg 80w, https:\/\/www.fundatiagusa.ro\/wp-content\/uploads\/2023\/06\/P6260034-105x105.jpg 105w, https:\/\/www.fundatiagusa.ro\/wp-content\/uploads\/2023\/06\/P6260034-85x85.jpg 85w\" sizes=\"(max-width: 150px) 100vw, 150px\" \/><\/a>\n\t\t\t<\/div><\/figure><figure class='gallery-item'>\n\t\t\t<div class='gallery-icon landscape'>\n\t\t\t\t<a href='https:\/\/www.fundatiagusa.ro\/wp-content\/uploads\/2023\/06\/P6250006.jpg'><img loading=\"lazy\" decoding=\"async\" width=\"150\" height=\"150\" src=\"https:\/\/www.fundatiagusa.ro\/wp-content\/uploads\/2023\/06\/P6250006-150x150.jpg\" class=\"attachment-thumbnail size-thumbnail\" alt=\"\" srcset=\"https:\/\/www.fundatiagusa.ro\/wp-content\/uploads\/2023\/06\/P6250006-150x150.jpg 150w, https:\/\/www.fundatiagusa.ro\/wp-content\/uploads\/2023\/06\/P6250006-140x140.jpg 140w, https:\/\/www.fundatiagusa.ro\/wp-content\/uploads\/2023\/06\/P6250006-80x80.jpg 80w, https:\/\/www.fundatiagusa.ro\/wp-content\/uploads\/2023\/06\/P6250006-105x105.jpg 105w, https:\/\/www.fundatiagusa.ro\/wp-content\/uploads\/2023\/06\/P6250006-85x85.jpg 85w\" sizes=\"(max-width: 150px) 100vw, 150px\" \/><\/a>\n\t\t\t<\/div><\/figure>\n\t\t<\/div>\n<\/div>\n\t\t\t\t<\/div>\n\t\t\t\t\t\t\t\t<\/div>\n\t\t\t\t<\/div>\n\t\t\t\t<\/div>\n\t\t\t\t\t<\/div>\n\t\t<\/div>\n\t\t\t\t\t<\/div>\n\t\t<\/section>\n\t\t\t\t<section class=\"elementor-section elementor-top-section elementor-element elementor-element-2ee5fe6 elementor-section-boxed elementor-section-height-default elementor-section-height-default\" data-id=\"2ee5fe6\" data-element_type=\"section\">\n\t\t\t\t\t\t<div class=\"elementor-container elementor-column-gap-default\">\n\t\t\t\t\t<div class=\"elementor-column elementor-col-100 elementor-top-column elementor-element elementor-element-786ccc5\" data-id=\"786ccc5\" data-element_type=\"column\">\n\t\t\t<div class=\"elementor-widget-wrap elementor-element-populated\">\n\t\t\t\t\t\t<div class=\"elementor-element elementor-element-2e6c3d0 elementor-widget elementor-widget-text-editor\" data-id=\"2e6c3d0\" data-element_type=\"widget\" data-widget_type=\"text-editor.default\">\n\t\t\t\t<div class=\"elementor-widget-container\">\n\t\t\t\t\t\t\t<p><strong>20.07.2012 \u2013 31.07.2012<\/strong> \u2013 According to a project which has become a tradition (four years since its establishment), the \u201cGeneral Stefan Gusa\u201d Foundation has also this year awarded DIPLOMAS OF EXCELLENCE and money PRIZES to the class leaders of the 2012 class \u201cNeagoe Basarab 500\u201d of the military educational institutions of the Ministry of National Defence.<\/p>\t\t\t\t\t\t<\/div>\n\t\t\t\t<\/div>\n\t\t\t\t\t<\/div>\n\t\t<\/div>\n\t\t\t\t\t<\/div>\n\t\t<\/section>\n\t\t\t\t<section class=\"elementor-section elementor-top-section elementor-element elementor-element-c4e101a elementor-section-boxed elementor-section-height-default elementor-section-height-default\" data-id=\"c4e101a\" data-element_type=\"section\">\n\t\t\t\t\t\t<div class=\"elementor-container elementor-column-gap-default\">\n\t\t\t\t\t<div class=\"elementor-column elementor-col-100 elementor-top-column elementor-element elementor-element-2d2afba\" data-id=\"2d2afba\" data-element_type=\"column\">\n\t\t\t<div class=\"elementor-widget-wrap elementor-element-populated\">\n\t\t\t\t\t\t<div class=\"elementor-element elementor-element-14c52de elementor-widget elementor-widget-toggle\" data-id=\"14c52de\" data-element_type=\"widget\" data-widget_type=\"toggle.default\">\n\t\t\t\t<div class=\"elementor-widget-container\">\n\t\t\t\t\t<div class=\"elementor-toggle\">\n\t\t\t\t\t\t\t<div class=\"elementor-toggle-item\">\n\t\t\t\t\t<div id=\"elementor-tab-title-2171\" class=\"elementor-tab-title\" data-tab=\"1\" role=\"button\" aria-controls=\"elementor-tab-content-2171\" aria-expanded=\"false\">\n\t\t\t\t\t\t\t\t\t\t\t\t<span class=\"elementor-toggle-icon elementor-toggle-icon-left\" aria-hidden=\"true\">\n\t\t\t\t\t\t\t\t\t\t\t\t\t\t\t<span class=\"elementor-toggle-icon-closed\"><i class=\"fas fa-caret-right\"><\/i><\/span>\n\t\t\t\t\t\t\t\t<span class=\"elementor-toggle-icon-opened\"><i class=\"elementor-toggle-icon-opened fas fa-caret-up\"><\/i><\/span>\n\t\t\t\t\t\t\t\t\t\t\t\t\t<\/span>\n\t\t\t\t\t\t\t\t\t\t\t\t<a class=\"elementor-toggle-title\" tabindex=\"0\">discover the event<\/a>\n\t\t\t\t\t<\/div>\n\n\t\t\t\t\t<div id=\"elementor-tab-content-2171\" class=\"elementor-tab-content elementor-clearfix\" data-tab=\"1\" role=\"region\" aria-labelledby=\"elementor-tab-title-2171\"><p style=\"text-align: center;\"><strong>Prizes to the class leaders 2012<\/strong><\/p><p>In conformity with a project which has become a tradition (four years since its establishment), the \u201cGeneral Stefan Gusa\u201d Foundation has also this year awarded DIPLOMAS of EXCELLENCE and money PRIZES to the class leaders of the 2012 class \u201cNeagoe Basarab 500\u201d of the military educational institutions of the Ministry of National Defence.<\/p><p>The diplomas and the prizes in the amount of 1200 lei were awarded to: Major ILEANA-NI\u021a\u0102 M. Constantin \u2013 George, leader of the 113th class of the National Defence University \u201cCarol I\u201d; engineer CHIFOR Bogdan-Cosmin, leader of the class of the Military Technical Academy; graduate Mircea-Petru STANIC, leader of the class of the Land Forces Academy \u201cNicolae B\u0103lcescu\u201d; Marinela-Romina M\u00ceRZA, head of the Aeronautics Academy \u201cHenri Coand\u0103\u201d and Alexandra-Elena MU\u0218AT, head of the Naval Academy \u201cMircea cel B\u0103tr\u00e2n\u201d.<\/p><p>Diplomas and prizes in the amount of 1.000 lei each were delivered to the heads of the graduation classes, the future military masters and the non-commissioned officers of the specialized schools of the Armed Forces, as follows: graduate Cristina-Denisa BARBU, head of the graduation class of the Military School of military masters and non-commissioned officers of the Land Forces \u201cBasarab I\u201d; graduate CUCO\u0218 V. Daniel, head of the graduation class of the Military School of the aeronautics \u201cTraian Vuia\u201d and graduate Ionela RUSU, head of the graduation class of the Military School of the naval forces \u201cAdmiral Ion Murgescu\u201d.<\/p><p>The above-mentioned prizes were delivered during the graduation ceremonies held on July 20 and 31 of this year, in their garrisons of origin, by generals and reserve officers, former colleagues and close friends of general \u0218tefan Gusa: admiral C-tin Anghel (Constan\u021ba), generals Niculae Spiroiu (Bucharest, National Defence University) and Ilie Dragomir (Pitesti), colonel Dr Eng Corneliu Cristescu (Bucharest, Military Technical Academy), colonel Nicolae Mitu of the General Staff of the Land Forces (Sibiu).<\/p><\/div>\n\t\t\t\t<\/div>\n\t\t\t\t\t\t\t\t<\/div>\n\t\t\t\t<\/div>\n\t\t\t\t<\/div>\n\t\t\t\t\t<\/div>\n\t\t<\/div>\n\t\t\t\t\t<\/div>\n\t\t<\/section>\n\t\t\t\t<section class=\"elementor-section elementor-top-section elementor-element elementor-element-b818dc1 elementor-section-boxed elementor-section-height-default elementor-section-height-default\" data-id=\"b818dc1\" data-element_type=\"section\">\n\t\t\t\t\t\t<div class=\"elementor-container elementor-column-gap-default\">\n\t\t\t\t\t<div class=\"elementor-column elementor-col-100 elementor-top-column elementor-element elementor-element-3627be3\" data-id=\"3627be3\" data-element_type=\"column\">\n\t\t\t<div class=\"elementor-widget-wrap elementor-element-populated\">\n\t\t\t\t\t\t<div class=\"elementor-element elementor-element-5a84ee3 elementor-widget elementor-widget-text-editor\" data-id=\"5a84ee3\" data-element_type=\"widget\" data-widget_type=\"text-editor.default\">\n\t\t\t\t<div class=\"elementor-widget-container\">\n\t\t\t\t\t\t\t<p><strong>20.09.2012<\/strong> \u2013 On the occasion of the Preparatory Convocation for the new academic year at the National Defence University \u201cCarol I\u201d, there were awarded the DIPLOMA and the PRIZE OF THE \u201cGENERAL \u0218TEFAN GU\u0218\u0102\u201d FOUNDATION for scientific research in the field of defence sciences.<\/p>\t\t\t\t\t\t<\/div>\n\t\t\t\t<\/div>\n\t\t\t\t\t<\/div>\n\t\t<\/div>\n\t\t\t\t\t<\/div>\n\t\t<\/section>\n\t\t\t\t<section class=\"elementor-section elementor-top-section elementor-element elementor-element-23fdc42 elementor-section-boxed elementor-section-height-default elementor-section-height-default\" data-id=\"23fdc42\" data-element_type=\"section\">\n\t\t\t\t\t\t<div class=\"elementor-container elementor-column-gap-default\">\n\t\t\t\t\t<div class=\"elementor-column elementor-col-100 elementor-top-column elementor-element elementor-element-7e72623\" data-id=\"7e72623\" data-element_type=\"column\">\n\t\t\t<div class=\"elementor-widget-wrap elementor-element-populated\">\n\t\t\t\t\t\t<div class=\"elementor-element elementor-element-7abd708 elementor-widget elementor-widget-toggle\" data-id=\"7abd708\" data-element_type=\"widget\" data-widget_type=\"toggle.default\">\n\t\t\t\t<div class=\"elementor-widget-container\">\n\t\t\t\t\t<div class=\"elementor-toggle\">\n\t\t\t\t\t\t\t<div class=\"elementor-toggle-item\">\n\t\t\t\t\t<div id=\"elementor-tab-title-1281\" class=\"elementor-tab-title\" data-tab=\"1\" role=\"button\" aria-controls=\"elementor-tab-content-1281\" aria-expanded=\"false\">\n\t\t\t\t\t\t\t\t\t\t\t\t<span class=\"elementor-toggle-icon elementor-toggle-icon-left\" aria-hidden=\"true\">\n\t\t\t\t\t\t\t\t\t\t\t\t\t\t\t<span class=\"elementor-toggle-icon-closed\"><i class=\"fas fa-caret-right\"><\/i><\/span>\n\t\t\t\t\t\t\t\t<span class=\"elementor-toggle-icon-opened\"><i class=\"elementor-toggle-icon-opened fas fa-caret-up\"><\/i><\/span>\n\t\t\t\t\t\t\t\t\t\t\t\t\t<\/span>\n\t\t\t\t\t\t\t\t\t\t\t\t<a class=\"elementor-toggle-title\" tabindex=\"0\">discover the event<\/a>\n\t\t\t\t\t<\/div>\n\n\t\t\t\t\t<div id=\"elementor-tab-content-1281\" class=\"elementor-tab-content elementor-clearfix\" data-tab=\"1\" role=\"region\" aria-labelledby=\"elementor-tab-title-1281\"><p style=\"text-align: center;\"><strong>Delivery of diploma 20.09.2012<\/strong><\/p><p>\u00a0\u00a0\u00a0\u00a0\u00a0 On the occasion of the Preparatory Convocation for the new academic year at the National Defence University \u201cCarol I\u201d, there were delivered the DIPLOMA and the PRIZE OF THE \u201cGENERAL \u015eTEFAN GU\u015e\u0102\u201d FOUNDATION for scientific research in the field of military theory for the year 2012, in the amount of 1500 lei, to major assoc. prof. Dorel BU\u015eE for the work \u201cCenters and power relations in international relations in the post-Cold War era\u201d. The diploma and the prize were delivered by general ( r ) Niculae SPIROIU, DIRECTOR of the Foundation, in the presence of lieutenant-general assoc. prof. dr Teodor FRUNZETI, commander-rector of UNAp, of major general Dumitru SESERMAN head of the Human Resources Management Directorate and of the Teaching Staff of the University.<\/p><\/div>\n\t\t\t\t<\/div>\n\t\t\t\t\t\t\t\t<\/div>\n\t\t\t\t<\/div>\n\t\t\t\t<\/div>\n\t\t\t\t\t<\/div>\n\t\t<\/div>\n\t\t\t\t\t<\/div>\n\t\t<\/section>\n\t\t\t\t<section class=\"elementor-section elementor-top-section elementor-element elementor-element-6d03d62 elementor-section-boxed elementor-section-height-default elementor-section-height-default\" data-id=\"6d03d62\" data-element_type=\"section\">\n\t\t\t\t\t\t<div class=\"elementor-container elementor-column-gap-default\">\n\t\t\t\t\t<div class=\"elementor-column elementor-col-100 elementor-top-column elementor-element elementor-element-98a9e7f\" data-id=\"98a9e7f\" data-element_type=\"column\">\n\t\t\t<div class=\"elementor-widget-wrap elementor-element-populated\">\n\t\t\t\t\t\t<div class=\"elementor-element elementor-element-02acd21 elementor-widget elementor-widget-text-editor\" data-id=\"02acd21\" data-element_type=\"widget\" data-widget_type=\"text-editor.default\">\n\t\t\t\t<div class=\"elementor-widget-container\">\n\t\t\t\t\t\t\t<p><strong>25.10.2012<\/strong> \u2013 Within the celebrations of Romanian Army Day, a delegation of the \u201cGeneral Stefan Gusa\u201d Foundation, formed by General Niculae Spiroiu<\/p><p>&#8230;<\/p>\t\t\t\t\t\t<\/div>\n\t\t\t\t<\/div>\n\t\t\t\t\t<\/div>\n\t\t<\/div>\n\t\t\t\t\t<\/div>\n\t\t<\/section>\n\t\t\t\t<section class=\"elementor-section elementor-top-section elementor-element elementor-element-a391dbd elementor-section-boxed elementor-section-height-default elementor-section-height-default\" data-id=\"a391dbd\" data-element_type=\"section\">\n\t\t\t\t\t\t<div class=\"elementor-container elementor-column-gap-default\">\n\t\t\t\t\t<div class=\"elementor-column elementor-col-100 elementor-top-column elementor-element elementor-element-3ea52ba\" data-id=\"3ea52ba\" data-element_type=\"column\">\n\t\t\t<div class=\"elementor-widget-wrap elementor-element-populated\">\n\t\t\t\t\t\t<div class=\"elementor-element elementor-element-88933da elementor-widget elementor-widget-toggle\" data-id=\"88933da\" data-element_type=\"widget\" data-widget_type=\"toggle.default\">\n\t\t\t\t<div class=\"elementor-widget-container\">\n\t\t\t\t\t<div class=\"elementor-toggle\">\n\t\t\t\t\t\t\t<div class=\"elementor-toggle-item\">\n\t\t\t\t\t<div id=\"elementor-tab-title-1431\" class=\"elementor-tab-title\" data-tab=\"1\" role=\"button\" aria-controls=\"elementor-tab-content-1431\" aria-expanded=\"false\">\n\t\t\t\t\t\t\t\t\t\t\t\t<span class=\"elementor-toggle-icon elementor-toggle-icon-left\" aria-hidden=\"true\">\n\t\t\t\t\t\t\t\t\t\t\t\t\t\t\t<span class=\"elementor-toggle-icon-closed\"><i class=\"fas fa-caret-right\"><\/i><\/span>\n\t\t\t\t\t\t\t\t<span class=\"elementor-toggle-icon-opened\"><i class=\"elementor-toggle-icon-opened fas fa-caret-up\"><\/i><\/span>\n\t\t\t\t\t\t\t\t\t\t\t\t\t<\/span>\n\t\t\t\t\t\t\t\t\t\t\t\t<a class=\"elementor-toggle-title\" tabindex=\"0\">discover the event<\/a>\n\t\t\t\t\t<\/div>\n\n\t\t\t\t\t<div id=\"elementor-tab-content-1431\" class=\"elementor-tab-content elementor-clearfix\" data-tab=\"1\" role=\"region\" aria-labelledby=\"elementor-tab-title-1431\"><p style=\"text-align: center;\"><strong>Army Day<\/strong><br \/><strong>October 25, 2012<\/strong><\/p><p>During the events organized to celebrate Romanian Army Day, a delegation of the \u201cGeneral Stefan Gusa\u201d Foundation, composed of General Niculae Spiroiu, Colonel Corneliu Cristescu and Eng Andrei Cristian, laid a wreath at the Tomb of the Unknown Soldier in Carol Park.<\/p><div id='gallery-3' class='gallery galleryid-11280 gallery-columns-4 gallery-size-thumbnail'><figure class='gallery-item'>\n\t\t\t<div class='gallery-icon landscape'>\n\t\t\t\t<a href='https:\/\/www.fundatiagusa.ro\/wp-content\/uploads\/2023\/06\/DSCN1507.jpg'><img loading=\"lazy\" decoding=\"async\" width=\"150\" height=\"150\" src=\"https:\/\/www.fundatiagusa.ro\/wp-content\/uploads\/2023\/06\/DSCN1507-150x150.jpg\" class=\"attachment-thumbnail size-thumbnail\" alt=\"\" srcset=\"https:\/\/www.fundatiagusa.ro\/wp-content\/uploads\/2023\/06\/DSCN1507-150x150.jpg 150w, https:\/\/www.fundatiagusa.ro\/wp-content\/uploads\/2023\/06\/DSCN1507-140x140.jpg 140w, https:\/\/www.fundatiagusa.ro\/wp-content\/uploads\/2023\/06\/DSCN1507-80x80.jpg 80w, https:\/\/www.fundatiagusa.ro\/wp-content\/uploads\/2023\/06\/DSCN1507-105x105.jpg 105w, https:\/\/www.fundatiagusa.ro\/wp-content\/uploads\/2023\/06\/DSCN1507-85x85.jpg 85w\" sizes=\"(max-width: 150px) 100vw, 150px\" \/><\/a>\n\t\t\t<\/div><\/figure><figure class='gallery-item'>\n\t\t\t<div class='gallery-icon landscape'>\n\t\t\t\t<a href='https:\/\/www.fundatiagusa.ro\/wp-content\/uploads\/2023\/06\/DSCN1464.jpg'><img loading=\"lazy\" decoding=\"async\" width=\"150\" height=\"150\" src=\"https:\/\/www.fundatiagusa.ro\/wp-content\/uploads\/2023\/06\/DSCN1464-150x150.jpg\" class=\"attachment-thumbnail size-thumbnail\" alt=\"\" srcset=\"https:\/\/www.fundatiagusa.ro\/wp-content\/uploads\/2023\/06\/DSCN1464-150x150.jpg 150w, https:\/\/www.fundatiagusa.ro\/wp-content\/uploads\/2023\/06\/DSCN1464-140x140.jpg 140w, https:\/\/www.fundatiagusa.ro\/wp-content\/uploads\/2023\/06\/DSCN1464-80x80.jpg 80w, https:\/\/www.fundatiagusa.ro\/wp-content\/uploads\/2023\/06\/DSCN1464-105x105.jpg 105w, https:\/\/www.fundatiagusa.ro\/wp-content\/uploads\/2023\/06\/DSCN1464-85x85.jpg 85w\" sizes=\"(max-width: 150px) 100vw, 150px\" \/><\/a>\n\t\t\t<\/div><\/figure><figure class='gallery-item'>\n\t\t\t<div class='gallery-icon landscape'>\n\t\t\t\t<a href='https:\/\/www.fundatiagusa.ro\/wp-content\/uploads\/2023\/06\/DSCN1443.jpg'><img loading=\"lazy\" decoding=\"async\" width=\"150\" height=\"150\" src=\"https:\/\/www.fundatiagusa.ro\/wp-content\/uploads\/2023\/06\/DSCN1443-150x150.jpg\" class=\"attachment-thumbnail size-thumbnail\" alt=\"\" srcset=\"https:\/\/www.fundatiagusa.ro\/wp-content\/uploads\/2023\/06\/DSCN1443-150x150.jpg 150w, https:\/\/www.fundatiagusa.ro\/wp-content\/uploads\/2023\/06\/DSCN1443-140x140.jpg 140w, https:\/\/www.fundatiagusa.ro\/wp-content\/uploads\/2023\/06\/DSCN1443-80x80.jpg 80w, https:\/\/www.fundatiagusa.ro\/wp-content\/uploads\/2023\/06\/DSCN1443-105x105.jpg 105w, https:\/\/www.fundatiagusa.ro\/wp-content\/uploads\/2023\/06\/DSCN1443-85x85.jpg 85w\" sizes=\"(max-width: 150px) 100vw, 150px\" \/><\/a>\n\t\t\t<\/div><\/figure><figure class='gallery-item'>\n\t\t\t<div class='gallery-icon landscape'>\n\t\t\t\t<a href='https:\/\/www.fundatiagusa.ro\/wp-content\/uploads\/2023\/06\/DSCN1473.jpg'><img loading=\"lazy\" decoding=\"async\" width=\"150\" height=\"150\" src=\"https:\/\/www.fundatiagusa.ro\/wp-content\/uploads\/2023\/06\/DSCN1473-150x150.jpg\" class=\"attachment-thumbnail size-thumbnail\" alt=\"\" srcset=\"https:\/\/www.fundatiagusa.ro\/wp-content\/uploads\/2023\/06\/DSCN1473-150x150.jpg 150w, https:\/\/www.fundatiagusa.ro\/wp-content\/uploads\/2023\/06\/DSCN1473-140x140.jpg 140w, https:\/\/www.fundatiagusa.ro\/wp-content\/uploads\/2023\/06\/DSCN1473-80x80.jpg 80w, https:\/\/www.fundatiagusa.ro\/wp-content\/uploads\/2023\/06\/DSCN1473-105x105.jpg 105w, https:\/\/www.fundatiagusa.ro\/wp-content\/uploads\/2023\/06\/DSCN1473-85x85.jpg 85w\" sizes=\"(max-width: 150px) 100vw, 150px\" \/><\/a>\n\t\t\t<\/div><\/figure><figure class='gallery-item'>\n\t\t\t<div class='gallery-icon landscape'>\n\t\t\t\t<a href='https:\/\/www.fundatiagusa.ro\/wp-content\/uploads\/2023\/06\/DSCN1498.jpg'><img loading=\"lazy\" decoding=\"async\" width=\"150\" height=\"150\" src=\"https:\/\/www.fundatiagusa.ro\/wp-content\/uploads\/2023\/06\/DSCN1498-150x150.jpg\" class=\"attachment-thumbnail size-thumbnail\" alt=\"\" srcset=\"https:\/\/www.fundatiagusa.ro\/wp-content\/uploads\/2023\/06\/DSCN1498-150x150.jpg 150w, https:\/\/www.fundatiagusa.ro\/wp-content\/uploads\/2023\/06\/DSCN1498-140x140.jpg 140w, https:\/\/www.fundatiagusa.ro\/wp-content\/uploads\/2023\/06\/DSCN1498-80x80.jpg 80w, https:\/\/www.fundatiagusa.ro\/wp-content\/uploads\/2023\/06\/DSCN1498-105x105.jpg 105w, https:\/\/www.fundatiagusa.ro\/wp-content\/uploads\/2023\/06\/DSCN1498-85x85.jpg 85w\" sizes=\"(max-width: 150px) 100vw, 150px\" \/><\/a>\n\t\t\t<\/div><\/figure><figure class='gallery-item'>\n\t\t\t<div class='gallery-icon landscape'>\n\t\t\t\t<a href='https:\/\/www.fundatiagusa.ro\/wp-content\/uploads\/2023\/06\/DSCN1486.jpg'><img loading=\"lazy\" decoding=\"async\" width=\"150\" height=\"150\" src=\"https:\/\/www.fundatiagusa.ro\/wp-content\/uploads\/2023\/06\/DSCN1486-150x150.jpg\" class=\"attachment-thumbnail size-thumbnail\" alt=\"\" srcset=\"https:\/\/www.fundatiagusa.ro\/wp-content\/uploads\/2023\/06\/DSCN1486-150x150.jpg 150w, https:\/\/www.fundatiagusa.ro\/wp-content\/uploads\/2023\/06\/DSCN1486-140x140.jpg 140w, https:\/\/www.fundatiagusa.ro\/wp-content\/uploads\/2023\/06\/DSCN1486-80x80.jpg 80w, https:\/\/www.fundatiagusa.ro\/wp-content\/uploads\/2023\/06\/DSCN1486-105x105.jpg 105w, https:\/\/www.fundatiagusa.ro\/wp-content\/uploads\/2023\/06\/DSCN1486-85x85.jpg 85w\" sizes=\"(max-width: 150px) 100vw, 150px\" \/><\/a>\n\t\t\t<\/div><\/figure><figure class='gallery-item'>\n\t\t\t<div class='gallery-icon landscape'>\n\t\t\t\t<a href='https:\/\/www.fundatiagusa.ro\/wp-content\/uploads\/2023\/06\/DSCN1508.jpg'><img loading=\"lazy\" decoding=\"async\" width=\"150\" height=\"150\" src=\"https:\/\/www.fundatiagusa.ro\/wp-content\/uploads\/2023\/06\/DSCN1508-150x150.jpg\" class=\"attachment-thumbnail size-thumbnail\" alt=\"\" srcset=\"https:\/\/www.fundatiagusa.ro\/wp-content\/uploads\/2023\/06\/DSCN1508-150x150.jpg 150w, https:\/\/www.fundatiagusa.ro\/wp-content\/uploads\/2023\/06\/DSCN1508-140x140.jpg 140w, https:\/\/www.fundatiagusa.ro\/wp-content\/uploads\/2023\/06\/DSCN1508-80x80.jpg 80w, https:\/\/www.fundatiagusa.ro\/wp-content\/uploads\/2023\/06\/DSCN1508-105x105.jpg 105w, https:\/\/www.fundatiagusa.ro\/wp-content\/uploads\/2023\/06\/DSCN1508-85x85.jpg 85w\" sizes=\"(max-width: 150px) 100vw, 150px\" \/><\/a>\n\t\t\t<\/div><\/figure><figure class='gallery-item'>\n\t\t\t<div class='gallery-icon landscape'>\n\t\t\t\t<a href='https:\/\/www.fundatiagusa.ro\/wp-content\/uploads\/2023\/06\/DSCN1455.jpg'><img loading=\"lazy\" decoding=\"async\" width=\"150\" height=\"150\" src=\"https:\/\/www.fundatiagusa.ro\/wp-content\/uploads\/2023\/06\/DSCN1455-150x150.jpg\" class=\"attachment-thumbnail size-thumbnail\" alt=\"\" srcset=\"https:\/\/www.fundatiagusa.ro\/wp-content\/uploads\/2023\/06\/DSCN1455-150x150.jpg 150w, https:\/\/www.fundatiagusa.ro\/wp-content\/uploads\/2023\/06\/DSCN1455-140x140.jpg 140w, https:\/\/www.fundatiagusa.ro\/wp-content\/uploads\/2023\/06\/DSCN1455-80x80.jpg 80w, https:\/\/www.fundatiagusa.ro\/wp-content\/uploads\/2023\/06\/DSCN1455-105x105.jpg 105w, https:\/\/www.fundatiagusa.ro\/wp-content\/uploads\/2023\/06\/DSCN1455-85x85.jpg 85w\" sizes=\"(max-width: 150px) 100vw, 150px\" \/><\/a>\n\t\t\t<\/div><\/figure><figure class='gallery-item'>\n\t\t\t<div class='gallery-icon landscape'>\n\t\t\t\t<a href='https:\/\/www.fundatiagusa.ro\/wp-content\/uploads\/2023\/06\/DSCN1450.jpg'><img loading=\"lazy\" decoding=\"async\" width=\"150\" height=\"150\" src=\"https:\/\/www.fundatiagusa.ro\/wp-content\/uploads\/2023\/06\/DSCN1450-150x150.jpg\" class=\"attachment-thumbnail size-thumbnail\" alt=\"\" srcset=\"https:\/\/www.fundatiagusa.ro\/wp-content\/uploads\/2023\/06\/DSCN1450-150x150.jpg 150w, https:\/\/www.fundatiagusa.ro\/wp-content\/uploads\/2023\/06\/DSCN1450-140x140.jpg 140w, https:\/\/www.fundatiagusa.ro\/wp-content\/uploads\/2023\/06\/DSCN1450-80x80.jpg 80w, https:\/\/www.fundatiagusa.ro\/wp-content\/uploads\/2023\/06\/DSCN1450-105x105.jpg 105w, https:\/\/www.fundatiagusa.ro\/wp-content\/uploads\/2023\/06\/DSCN1450-85x85.jpg 85w\" sizes=\"(max-width: 150px) 100vw, 150px\" \/><\/a>\n\t\t\t<\/div><\/figure><figure class='gallery-item'>\n\t\t\t<div class='gallery-icon landscape'>\n\t\t\t\t<a href='https:\/\/www.fundatiagusa.ro\/wp-content\/uploads\/2023\/06\/DSCN1444.jpg'><img loading=\"lazy\" decoding=\"async\" width=\"150\" height=\"150\" src=\"https:\/\/www.fundatiagusa.ro\/wp-content\/uploads\/2023\/06\/DSCN1444-150x150.jpg\" class=\"attachment-thumbnail size-thumbnail\" alt=\"\" srcset=\"https:\/\/www.fundatiagusa.ro\/wp-content\/uploads\/2023\/06\/DSCN1444-150x150.jpg 150w, https:\/\/www.fundatiagusa.ro\/wp-content\/uploads\/2023\/06\/DSCN1444-140x140.jpg 140w, https:\/\/www.fundatiagusa.ro\/wp-content\/uploads\/2023\/06\/DSCN1444-80x80.jpg 80w, https:\/\/www.fundatiagusa.ro\/wp-content\/uploads\/2023\/06\/DSCN1444-105x105.jpg 105w, https:\/\/www.fundatiagusa.ro\/wp-content\/uploads\/2023\/06\/DSCN1444-85x85.jpg 85w\" sizes=\"(max-width: 150px) 100vw, 150px\" \/><\/a>\n\t\t\t<\/div><\/figure><figure class='gallery-item'>\n\t\t\t<div class='gallery-icon landscape'>\n\t\t\t\t<a href='https:\/\/www.fundatiagusa.ro\/wp-content\/uploads\/2023\/06\/DSCN1488.jpg'><img loading=\"lazy\" decoding=\"async\" width=\"150\" height=\"150\" src=\"https:\/\/www.fundatiagusa.ro\/wp-content\/uploads\/2023\/06\/DSCN1488-150x150.jpg\" class=\"attachment-thumbnail size-thumbnail\" alt=\"\" srcset=\"https:\/\/www.fundatiagusa.ro\/wp-content\/uploads\/2023\/06\/DSCN1488-150x150.jpg 150w, https:\/\/www.fundatiagusa.ro\/wp-content\/uploads\/2023\/06\/DSCN1488-140x140.jpg 140w, https:\/\/www.fundatiagusa.ro\/wp-content\/uploads\/2023\/06\/DSCN1488-80x80.jpg 80w, https:\/\/www.fundatiagusa.ro\/wp-content\/uploads\/2023\/06\/DSCN1488-105x105.jpg 105w, https:\/\/www.fundatiagusa.ro\/wp-content\/uploads\/2023\/06\/DSCN1488-85x85.jpg 85w\" sizes=\"(max-width: 150px) 100vw, 150px\" \/><\/a>\n\t\t\t<\/div><\/figure><figure class='gallery-item'>\n\t\t\t<div class='gallery-icon landscape'>\n\t\t\t\t<a href='https:\/\/www.fundatiagusa.ro\/wp-content\/uploads\/2023\/06\/DSCN1501.jpg'><img loading=\"lazy\" decoding=\"async\" width=\"150\" height=\"150\" src=\"https:\/\/www.fundatiagusa.ro\/wp-content\/uploads\/2023\/06\/DSCN1501-150x150.jpg\" class=\"attachment-thumbnail size-thumbnail\" alt=\"\" srcset=\"https:\/\/www.fundatiagusa.ro\/wp-content\/uploads\/2023\/06\/DSCN1501-150x150.jpg 150w, https:\/\/www.fundatiagusa.ro\/wp-content\/uploads\/2023\/06\/DSCN1501-140x140.jpg 140w, https:\/\/www.fundatiagusa.ro\/wp-content\/uploads\/2023\/06\/DSCN1501-80x80.jpg 80w, https:\/\/www.fundatiagusa.ro\/wp-content\/uploads\/2023\/06\/DSCN1501-105x105.jpg 105w, https:\/\/www.fundatiagusa.ro\/wp-content\/uploads\/2023\/06\/DSCN1501-85x85.jpg 85w\" sizes=\"(max-width: 150px) 100vw, 150px\" \/><\/a>\n\t\t\t<\/div><\/figure>\n\t\t<\/div>\n<\/div>\n\t\t\t\t<\/div>\n\t\t\t\t\t\t\t\t<\/div>\n\t\t\t\t<\/div>\n\t\t\t\t<\/div>\n\t\t\t\t\t<\/div>\n\t\t<\/div>\n\t\t\t\t\t<\/div>\n\t\t<\/section>\n\t\t\t\t<section class=\"elementor-section elementor-top-section elementor-element elementor-element-400f486 elementor-section-boxed elementor-section-height-default elementor-section-height-default\" data-id=\"400f486\" data-element_type=\"section\">\n\t\t\t\t\t\t<div class=\"elementor-container elementor-column-gap-default\">\n\t\t\t\t\t<div class=\"elementor-column elementor-col-100 elementor-top-column elementor-element elementor-element-4963fdb\" data-id=\"4963fdb\" data-element_type=\"column\">\n\t\t\t<div class=\"elementor-widget-wrap elementor-element-populated\">\n\t\t\t\t\t\t<div class=\"elementor-element elementor-element-d6d6455 elementor-widget elementor-widget-text-editor\" data-id=\"d6d6455\" data-element_type=\"widget\" data-widget_type=\"text-editor.default\">\n\t\t\t\t<div class=\"elementor-widget-container\">\n\t\t\t\t\t\t\t<p><strong>17-18 November 2012<\/strong> \u2013 On November 17 and 18, 2012, in the garrison of Buz\u0103u, the annual history contest for pupils and students took place, organized on the occasion of the National Day of Romania by the Marshal Alexandru Averescu Foundation.<\/p>\t\t\t\t\t\t<\/div>\n\t\t\t\t<\/div>\n\t\t\t\t\t<\/div>\n\t\t<\/div>\n\t\t\t\t\t<\/div>\n\t\t<\/section>\n\t\t\t\t<section class=\"elementor-section elementor-top-section elementor-element elementor-element-473f9e4 elementor-section-boxed elementor-section-height-default elementor-section-height-default\" data-id=\"473f9e4\" data-element_type=\"section\">\n\t\t\t\t\t\t<div class=\"elementor-container elementor-column-gap-default\">\n\t\t\t\t\t<div class=\"elementor-column elementor-col-100 elementor-top-column elementor-element elementor-element-4e4bf31\" data-id=\"4e4bf31\" data-element_type=\"column\">\n\t\t\t<div class=\"elementor-widget-wrap elementor-element-populated\">\n\t\t\t\t\t\t<div class=\"elementor-element elementor-element-5e145cf elementor-widget elementor-widget-toggle\" data-id=\"5e145cf\" data-element_type=\"widget\" data-widget_type=\"toggle.default\">\n\t\t\t\t<div class=\"elementor-widget-container\">\n\t\t\t\t\t<div class=\"elementor-toggle\">\n\t\t\t\t\t\t\t<div class=\"elementor-toggle-item\">\n\t\t\t\t\t<div id=\"elementor-tab-title-9861\" class=\"elementor-tab-title\" data-tab=\"1\" role=\"button\" aria-controls=\"elementor-tab-content-9861\" aria-expanded=\"false\">\n\t\t\t\t\t\t\t\t\t\t\t\t<span class=\"elementor-toggle-icon elementor-toggle-icon-left\" aria-hidden=\"true\">\n\t\t\t\t\t\t\t\t\t\t\t\t\t\t\t<span class=\"elementor-toggle-icon-closed\"><i class=\"fas fa-caret-right\"><\/i><\/span>\n\t\t\t\t\t\t\t\t<span class=\"elementor-toggle-icon-opened\"><i class=\"elementor-toggle-icon-opened fas fa-caret-up\"><\/i><\/span>\n\t\t\t\t\t\t\t\t\t\t\t\t\t<\/span>\n\t\t\t\t\t\t\t\t\t\t\t\t<a class=\"elementor-toggle-title\" tabindex=\"0\">discover the event<\/a>\n\t\t\t\t\t<\/div>\n\n\t\t\t\t\t<div id=\"elementor-tab-content-9861\" class=\"elementor-tab-content elementor-clearfix\" data-tab=\"1\" role=\"region\" aria-labelledby=\"elementor-tab-title-9861\"><p style=\"text-align: center;\"><strong>The annual history contest for pupils and students organized on the occasion of the National Day of Romania by the Mare\u0219al Alexandru Averescu Foundation<\/strong><\/p><p>On November 17 and 18, 2012, the \u201cMare\u0219al Alexandru Averescu\u201d Foundation organized in Buz\u0103u the annual history contest for pupils and students on the occasion of the National Day of Romania.<\/p><p>For the third consecutive year, the \u201cGeneral \u0218tefan Gusa\u201d Foundation sponsored the event, in kind, with 70 volumes (14 titles) of works of history and literature. The list is attached below. .<\/p><p>On November 17 and 18, 2012, there took place in the garrison of Buzau the third annual examination of historical contest for pupils and students organized by the \u201cMaresal Alexandru Averescu Foundation\u201d. The support for the event by the \u201cGeneral :Stefan Gusa Foundation\u201d consisted in 70 history books (list attached below).<\/p><table border=\"1\" cellspacing=\"0\" cellpadding=\"0\"><tbody><tr><td valign=\"top\" width=\"34\"><p align=\"center\">Nr crt<\/p><\/td><td valign=\"top\" width=\"209\"><p style=\"text-align: center;\" align=\"center\">Autor<\/p><\/td><td valign=\"top\" width=\"329\"><p align=\"center\">Title<\/p><\/td><td valign=\"top\" width=\"72\"><p align=\"center\">Nr volume<\/p><\/td><\/tr><tr><td valign=\"top\" width=\"34\"><p align=\"center\">1<\/p><\/td><td valign=\"top\" width=\"209\"><p>Frederick Copleston<\/p><\/td><td valign=\"top\" width=\"329\"><p>Istoria Filosofiei, Vol IV, \u201eRa\u0163ionali\u015ftii\u201d<\/p><\/td><td valign=\"top\" width=\"72\"><p align=\"center\">3<\/p><\/td><\/tr><tr><td valign=\"top\" width=\"34\"><p align=\"center\">2<\/p><\/td><td valign=\"top\" width=\"209\"><p>Ludmila ULI\u0162KAIA<\/p><\/td><td valign=\"top\" width=\"329\"><p>Daniel Stein, Traduc\u0103tor<\/p><\/td><td valign=\"top\" width=\"72\"><p align=\"center\">3<\/p><\/td><\/tr><tr><td valign=\"top\" width=\"34\"><p align=\"center\">3<\/p><\/td><td valign=\"top\" width=\"209\"><p>Ion Cristoiu<\/p><\/td><td valign=\"top\" width=\"329\"><p>Adev\u0103rata moarte a lui Carol al II-lea<\/p><p>&#8211; Eseuri \u2013<\/p><\/td><td valign=\"top\" width=\"72\"><p align=\"center\">1<\/p><\/td><\/tr><tr><td valign=\"top\" width=\"34\"><p align=\"center\">4<\/p><\/td><td valign=\"top\" width=\"209\"><p>Cormac O\u2019 BRIEN<\/p><\/td><td valign=\"top\" width=\"329\"><p>Declinul Inperiilor \u2013 de la Glorie la ruin\u0103. (Povestea marilor imperii antice)<\/p><\/td><td valign=\"top\" width=\"72\"><p align=\"center\">24<\/p><\/td><\/tr><tr><td valign=\"top\" width=\"34\"><p align=\"center\">5<\/p><\/td><td valign=\"top\" width=\"209\"><p>Teodor BACONSCHI<\/p><\/td><td valign=\"top\" width=\"329\"><p>\u201eCre\u015ftinism \u015fi Democra\u0163ie\u201d<\/p><\/td><td valign=\"top\" width=\"72\"><p align=\"center\">1<\/p><\/td><\/tr><tr><td valign=\"top\" width=\"34\"><p align=\"center\">6<\/p><\/td><td valign=\"top\" width=\"209\"><p>A.D. MILLER<\/p><\/td><td valign=\"top\" width=\"329\"><p>\u201eDEZGHE\u0162UL\u201d<\/p><\/td><td valign=\"top\" width=\"72\"><p align=\"center\">6<\/p><p align=\"center\">\u00a0<\/p><\/td><\/tr><tr><td valign=\"top\" width=\"34\"><p align=\"center\">7<\/p><\/td><td valign=\"top\" width=\"209\"><p>Alan BUTLER &amp; Stephen DAFOE<\/p><\/td><td valign=\"top\" width=\"329\"><p>\u201eCavalerii Templieri \u2013 Misterul Dezv\u0103luit\u201d<\/p><\/td><td valign=\"top\" width=\"72\"><p align=\"center\">5<\/p><\/td><\/tr><tr><td valign=\"top\" width=\"34\"><p align=\"center\">8<\/p><\/td><td valign=\"top\" width=\"209\"><p>Daniel-Veronica GU\u015e\u0102 de DR\u0102GAN<\/p><\/td><td valign=\"top\" width=\"329\"><p>Condamnat la Adev\u0103r<\/p><\/td><td valign=\"top\" width=\"72\"><p align=\"center\">2<\/p><\/td><\/tr><tr><td valign=\"top\" width=\"34\"><p align=\"center\">9<\/p><\/td><td valign=\"top\" width=\"209\"><p>Josif Constantin DR\u0102GAN<\/p><\/td><td valign=\"top\" width=\"329\"><p>\u201eDespre Succes\u201d<\/p><\/td><td valign=\"top\" width=\"72\"><p align=\"center\">3<\/p><p align=\"center\">\u00a0<\/p><\/td><\/tr><tr><td valign=\"top\" width=\"34\"><p align=\"center\">10<\/p><\/td><td valign=\"top\" width=\"209\"><p>Josif Constantin DR\u0102GAN<\/p><\/td><td valign=\"top\" width=\"329\"><p>\u201ePrin Europa\u201d \u2013 Set 5 vol<\/p><\/td><td valign=\"top\" width=\"72\"><p align=\"center\">2<\/p><\/td><\/tr><tr><td valign=\"top\" width=\"34\"><p align=\"center\">11<\/p><\/td><td valign=\"top\" width=\"209\"><p>Josif Constanti DR\u0102GAN<\/p><\/td><td valign=\"top\" width=\"329\"><p>Rom\u00e2nul din Italia<\/p><\/td><td valign=\"top\" width=\"72\"><p align=\"center\">7<\/p><\/td><\/tr><tr><td valign=\"top\" width=\"34\"><p align=\"center\">12<\/p><\/td><td valign=\"top\" width=\"209\"><p>Gh. Nicolescu &amp; colectiv<\/p><\/td><td valign=\"top\" width=\"329\"><p>Calvarul Prizonierilor Romani Vol 1<\/p><\/td><td valign=\"top\" width=\"72\"><p align=\"center\">3<\/p><\/td><\/tr><tr><td valign=\"top\" width=\"34\"><p align=\"center\">13<\/p><\/td><td valign=\"top\" width=\"209\"><p>Gh. Nicolescu &amp;,..<\/p><\/td><td valign=\"top\" width=\"329\"><p>Preo\u0163i \u00een lupta pentru marea unire-1916-1919<\/p><\/td><td valign=\"top\" width=\"72\"><p align=\"center\">1<\/p><\/td><\/tr><tr><td valign=\"top\" width=\"34\"><p align=\"center\">14<\/p><\/td><td valign=\"top\" width=\"209\"><p>Gh. Nicolescu &amp;&#8230;<\/p><\/td><td valign=\"top\" width=\"329\"><p>Preo\u0163i \u00een Tran\u015fee<\/p><\/td><td valign=\"top\" width=\"72\"><p align=\"center\">1<\/p><\/td><\/tr><\/tbody><\/table><\/div>\n\t\t\t\t<\/div>\n\t\t\t\t\t\t\t\t<\/div>\n\t\t\t\t<\/div>\n\t\t\t\t<\/div>\n\t\t\t\t\t<\/div>\n\t\t<\/div>\n\t\t\t\t\t<\/div>\n\t\t<\/section>\n\t\t\t\t<\/div>\n\t\t","protected":false},"excerpt":{"rendered":"<p>Program \u2013 Ascension \u2013 Heroes\u2019 Day, military and religious ceremony in the village of Sp\u0103taru (laying of wreaths, commemorative packages) \u2013 Granting of 10 monthly study scholarships (subsistence), for 9 months per year (October-June), to 3 military high school students, 3 non-commissioned officers school students, 3 cadets of the armed forces academies (land, air, naval) [&hellip;]<\/p>\n","protected":false},"author":2,"featured_media":0,"comment_status":"open","ping_status":"open","sticky":false,"template":"","format":"standard","meta":{"footnotes":""},"categories":[149],"tags":[],"class_list":["post-11280","post","type-post","status-publish","format-standard","hentry","category-activities-2012"],"_links":{"self":[{"href":"https:\/\/www.fundatiagusa.ro\/en\/wp-json\/wp\/v2\/posts\/11280","targetHints":{"allow":["GET"]}}],"collection":[{"href":"https:\/\/www.fundatiagusa.ro\/en\/wp-json\/wp\/v2\/posts"}],"about":[{"href":"https:\/\/www.fundatiagusa.ro\/en\/wp-json\/wp\/v2\/types\/post"}],"author":[{"embeddable":true,"href":"https:\/\/www.fundatiagusa.ro\/en\/wp-json\/wp\/v2\/users\/2"}],"replies":[{"embeddable":true,"href":"https:\/\/www.fundatiagusa.ro\/en\/wp-json\/wp\/v2\/comments?post=11280"}],"version-history":[{"count":22,"href":"https:\/\/www.fundatiagusa.ro\/en\/wp-json\/wp\/v2\/posts\/11280\/revisions"}],"predecessor-version":[{"id":11303,"href":"https:\/\/www.fundatiagusa.ro\/en\/wp-json\/wp\/v2\/posts\/11280\/revisions\/11303"}],"wp:attachment":[{"href":"https:\/\/www.fundatiagusa.ro\/en\/wp-json\/wp\/v2\/media?parent=11280"}],"wp:term":[{"taxonomy":"category","embeddable":true,"href":"https:\/\/www.fundatiagusa.ro\/en\/wp-json\/wp\/v2\/categories?post=11280"},{"taxonomy":"post_tag","embeddable":true,"href":"https:\/\/www.fundatiagusa.ro\/en\/wp-json\/wp\/v2\/tags?post=11280"}],"curies":[{"name":"wp","href":"https:\/\/api.w.org\/{rel}","templated":true}]}}